{"id":102145,"date":"2021-02-07T16:29:13","date_gmt":"2021-02-07T19:29:13","guid":{"rendered":"https:\/\/www.elsindical.com.ar\/notas\/?p=102145"},"modified":"2021-02-07T16:29:14","modified_gmt":"2021-02-07T19:29:14","slug":"quilmes-roban-cables-en-cuartel-de-bomberos-y-lo-dejan-sin-telefono","status":"publish","type":"post","link":"https:\/\/www.elsindical.com.ar\/notas\/quilmes-roban-cables-en-cuartel-de-bomberos-y-lo-dejan-sin-telefono\/","title":{"rendered":"Quilmes: Roban cables en Cuartel de Bomberos y lo dejan sin tel\u00e9fono"},"content":{"rendered":"\n<figure class=\"wp-block-image size-large\"><a href=\"https:\/\/www.elsindical.com.ar\/notas\/var\/www\/html\/notas\/wp-content\/uploads\/2021\/02\/Cuartel-de-bomberos-de-Solano.jpg\"><img loading=\"lazy\" decoding=\"async\" width=\"1024\" height=\"576\" src=\"https:\/\/www.elsindical.com.ar\/notas\/var\/www\/html\/notas\/wp-content\/uploads\/2021\/02\/Cuartel-de-bomberos-de-Solano.jpg\" alt=\"\" class=\"wp-image-102146\" srcset=\"https:\/\/www.elsindical.com.ar\/notas\/var\/www\/html\/notas\/wp-content\/uploads\/2021\/02\/Cuartel-de-bomberos-de-Solano.jpg 1024w, https:\/\/www.elsindical.com.ar\/notas\/var\/www\/html\/notas\/wp-content\/uploads\/2021\/02\/Cuartel-de-bomberos-de-Solano-300x169.jpg 300w, https:\/\/www.elsindical.com.ar\/notas\/var\/www\/html\/notas\/wp-content\/uploads\/2021\/02\/Cuartel-de-bomberos-de-Solano-768x432.jpg 768w, https:\/\/www.elsindical.com.ar\/notas\/var\/www\/html\/notas\/wp-content\/uploads\/2021\/02\/Cuartel-de-bomberos-de-Solano-500x281.jpg 500w, https:\/\/www.elsindical.com.ar\/notas\/var\/www\/html\/notas\/wp-content\/uploads\/2021\/02\/Cuartel-de-bomberos-de-Solano-460x260.jpg 460w\" sizes=\"auto, (max-width: 1024px) 100vw, 1024px\" \/><\/a><\/figure>\n\n\n\n<p>En un hecho delictivo grave porque involucra al servicio de bomberos voluntarios, que deben tener una comunicaci\u00f3n inmediata con los vecinos ante un evento, las l\u00edneas telef\u00f3nicas del Cuartel de Bomberos de San Francisco Solano dejaron de funcionar producto de un robo de cables realizado en la noche del viernes en la dependencia ubicada en 844 y 893, a metros de la comisar\u00eda 4ta de Quilmes.<\/p>\n\n\n\n<p>Desde el comienzo de la pandemia esta modalidad delictiva creci\u00f3 casi un 50%, estimaron las empresas prestatarias del servicio.<\/p>\n\n\n\n<p>Ante esta situaci\u00f3n, recomiendan a los vecinos que necesiten comunicarse con el cuartel hacerlo a trav\u00e9s del Whatsapp 11-5666-2525 o llamar al Destacamento N\u00b0 1 al 7519-9110<\/p>\n","protected":false},"excerpt":{"rendered":"<p>En un hecho delictivo grave porque involucra al servicio de bomberos voluntarios, que deben tener una comunicaci\u00f3n inmediata con los vecinos ante un evento, las l\u00edneas telef\u00f3nicas del Cuartel de Bomberos de San Francisco Solano dejaron de funcionar producto de un robo de cables realizado en la noche del viernes en la dependencia ubicada en&hellip;<\/p>\n","protected":false},"author":1,"featured_media":102146,"comment_status":"open","ping_status":"open","sticky":false,"template":"","format":"standard","meta":{"footnotes":""},"categories":[22],"tags":[32138,8040,34162,2450,684,116,3279,474],"class_list":["post-102145","post","type-post","status-publish","format-standard","has-post-thumbnail","hentry","category-policiales","tag-bomberos-voluntarios-de-solano","tag-cables","tag-comisaria-4ta-de-quilmes","tag-diario-el-sindical","tag-quilmes","tag-robo","tag-san-francisco-solano","tag-telefono"],"_links":{"self":[{"href":"https:\/\/www.elsindical.com.ar\/notas\/wp-json\/wp\/v2\/posts\/102145","targetHints":{"allow":["GET"]}}],"collection":[{"href":"https:\/\/www.elsindical.com.ar\/notas\/wp-json\/wp\/v2\/posts"}],"about":[{"href":"https:\/\/www.elsindical.com.ar\/notas\/wp-json\/wp\/v2\/types\/post"}],"author":[{"embeddable":true,"href":"https:\/\/www.elsindical.com.ar\/notas\/wp-json\/wp\/v2\/users\/1"}],"replies":[{"embeddable":true,"href":"https:\/\/www.elsindical.com.ar\/notas\/wp-json\/wp\/v2\/comments?post=102145"}],"version-history":[{"count":1,"href":"https:\/\/www.elsindical.com.ar\/notas\/wp-json\/wp\/v2\/posts\/102145\/revisions"}],"predecessor-version":[{"id":102147,"href":"https:\/\/www.elsindical.com.ar\/notas\/wp-json\/wp\/v2\/posts\/102145\/revisions\/102147"}],"wp:featuredmedia":[{"embeddable":true,"href":"https:\/\/www.elsindical.com.ar\/notas\/wp-json\/wp\/v2\/media\/102146"}],"wp:attachment":[{"href":"https:\/\/www.elsindical.com.ar\/notas\/wp-json\/wp\/v2\/media?parent=102145"}],"wp:term":[{"taxonomy":"category","embeddable":true,"href":"https:\/\/www.elsindical.com.ar\/notas\/wp-json\/wp\/v2\/categories?post=102145"},{"taxonomy":"post_tag","embeddable":true,"href":"https:\/\/www.elsindical.com.ar\/notas\/wp-json\/wp\/v2\/tags?post=102145"}],"curies":[{"name":"wp","href":"https:\/\/api.w.org\/{rel}","templated":true}]}}