{"id":102142,"date":"2021-02-07T16:24:03","date_gmt":"2021-02-07T19:24:03","guid":{"rendered":"https:\/\/www.elsindical.com.ar\/notas\/?p=102142"},"modified":"2021-02-07T16:24:04","modified_gmt":"2021-02-07T19:24:04","slug":"la-federacion-agraria-apunto-contra-fernandez-si-suben-las-retenciones-siguen-sin-escucharnos","status":"publish","type":"post","link":"https:\/\/www.elsindical.com.ar\/notas\/la-federacion-agraria-apunto-contra-fernandez-si-suben-las-retenciones-siguen-sin-escucharnos\/","title":{"rendered":"La Federaci\u00f3n Agraria apunt\u00f3 contra Fern\u00e1ndez: \u00abSi suben las retenciones siguen sin escucharnos\u00bb"},"content":{"rendered":"\n<div class=\"wp-block-image\"><figure class=\"aligncenter size-large is-resized\"><a href=\"https:\/\/www.elsindical.com.ar\/notas\/var\/www\/html\/notas\/wp-content\/uploads\/2021\/02\/Federacion-Agraria-Argentina.jpg\"><img loading=\"lazy\" decoding=\"async\" src=\"https:\/\/www.elsindical.com.ar\/notas\/var\/www\/html\/notas\/wp-content\/uploads\/2021\/02\/Federacion-Agraria-Argentina.jpg\" alt=\"\" class=\"wp-image-102143\" width=\"461\" height=\"293\" srcset=\"https:\/\/www.elsindical.com.ar\/notas\/var\/www\/html\/notas\/wp-content\/uploads\/2021\/02\/Federacion-Agraria-Argentina.jpg 315w, https:\/\/www.elsindical.com.ar\/notas\/var\/www\/html\/notas\/wp-content\/uploads\/2021\/02\/Federacion-Agraria-Argentina-300x190.jpg 300w\" sizes=\"auto, (max-width: 461px) 100vw, 461px\" \/><\/a><\/figure><\/div>\n\n\n\n<p>Tras las declaraciones del primer mandatario, quien inst\u00f3 a los productores a cumplir con las distintas regulaciones que impone el Estado para no tener que avanzar en una suba de retenciones, el presidente de la entidad sali\u00f3 al cruce.<\/p>\n\n\n\n<p>El <strong>presidente de la Federaci\u00f3n Agraria, Carlos Achetoni<\/strong>, asegur\u00f3 que <strong>no est\u00e1n dadas las condiciones<\/strong> para que el presidente <strong>Alberto Fern\u00e1ndez disponga una suba de retenciones<\/strong> porque \u00abel productor primario no puede hacer m\u00e1s esfuerzos\u00bb.<\/p>\n\n\n\n<p>Tras las declaraciones del primer mandatario, quien<strong> inst\u00f3 a los productores a cumplir con las distintas regulaciones que impone el Estado<\/strong> para no tener que avanzar en una suba de retenciones, Achetoni consider\u00f3 que nueva nueva suba del impuesto a las exportaciones significar\u00eda que el Gobierno <strong>\u00abcontin\u00faa sin escuchar\u00bb.<\/strong><\/p>\n\n\n\n<p><strong>\u00abSi el presidente sube las retenciones, significa que siguen sin escuchar y nos pondr\u00edan en una situaci\u00f3n muy complicada<\/strong>\u00ab, remarc\u00f3 Achetoni en di\u00e1logo con \u00abEl G\u00edglico\u00bb, el programa de Mauro Viale en Radio Rivadavia AM 630.<\/p>\n\n\n\n<p>\u00ab<strong>Es demasiado el esfuerzo que se le pide al productor y la incidencia es muy baja. El productor primario no puede hacer m\u00e1s esfuerzo\u00bb<\/strong>, expres\u00f3 el dirigente rural. Las declaraciones de Achetoni se dieron luego de que Fern\u00e1ndez sostuviera que, si no se cumplen con los acuerdos de precios que dispuso, las \u00fanicas <strong>dos alternativas que tiene como Presidente son los cupos de exportaci\u00f3n y las retenciones.<\/strong><\/p>\n\n\n\n<p>El primer mandatario remarc\u00f3 que el <strong>problema con los precios de la carne<\/strong> surgi\u00f3 porque <strong>ahora China importa carne con hueso<\/strong> y ahora <strong>\u00abel productor tiene la posibilidad de vend\u00e9rsela al carnicero o vend\u00e9rsela a China a un precio enorme\u00bb<\/strong>. \u00abYo necesito que ellos exporten porque necesito d\u00f3lares que entren. Pero lo que no pueden es trasladar a los argentinos los precios internacionales porque no producen en precios internacionales. <strong>Ellos no producen en d\u00f3lares<\/strong>\u00ab, indic\u00f3 Fern\u00e1ndez a P\u00e1gina\/12.<\/p>\n\n\n\n<p>Frente a ese problemas, <strong>Fern\u00e1ndez subray\u00f3 que \u00abel Estado s\u00f3lo tiene dos canales para resolver el problema, dos herramientas que preferir\u00eda no usar<\/strong>: subir las retenciones (que en este momento est\u00e1n acotadas) o poner cupos, decir esto no se exporta\u00bb. \u00abNo hay mucho m\u00e1s tiempo para que decidan. Yo les pido que comprendan de lo que estoy hablando y que la gente me entienda. Cuando estoy hablando de estas cosas no estoy contra el campo, estoy a favor de la mesa de los argentinos. Tienen que entender que son parte de la Argentina\u00bb, insisti\u00f3. \u00ab<strong>Les estoy diciendo p\u00fablicamente que no puedo dejar que esto siga pasando, porque el riesgo es que con la pandemia todos estos productos van a seguir creciendo en su precio y no estamos dispuestos a tolerarlo<\/strong>\u00ab, agreg\u00f3.<\/p>\n\n\n\n<p>Y concluy\u00f3: \u00ab<strong>Si no lo entienden, me obligan a resolver el problema y no pueden hacerse los desentendidos.<\/strong> A m\u00ed me votaron para ejercer el poder cuando tengo que ejercerlo. No se puede especular en este contexto, no tienen derecho a lastimar la tranquilidad de la gente\u00bb. La discusi\u00f3n entre ambos sectores se dieron luego de varias semanas de fuertes aumentos de los precios de los alimentos.<\/p>\n","protected":false},"excerpt":{"rendered":"<p>Tras las declaraciones del primer mandatario, quien inst\u00f3 a los productores a cumplir con las distintas regulaciones que impone el Estado para no tener que avanzar en una suba de retenciones, el presidente de la entidad sali\u00f3 al cruce. El presidente de la Federaci\u00f3n Agraria, Carlos Achetoni, asegur\u00f3 que no est\u00e1n dadas las condiciones para&hellip;<\/p>\n","protected":false},"author":1,"featured_media":102143,"comment_status":"open","ping_status":"open","sticky":false,"template":"","format":"standard","meta":{"footnotes":""},"categories":[9],"tags":[11223,2450,22023,26491,34161],"class_list":["post-102142","post","type-post","status-publish","format-standard","has-post-thumbnail","hentry","category-economia","tag-alberto-fernandez","tag-diario-el-sindical","tag-economia","tag-federacion-agraria-argentina","tag-retenciones"],"_links":{"self":[{"href":"https:\/\/www.elsindical.com.ar\/notas\/wp-json\/wp\/v2\/posts\/102142","targetHints":{"allow":["GET"]}}],"collection":[{"href":"https:\/\/www.elsindical.com.ar\/notas\/wp-json\/wp\/v2\/posts"}],"about":[{"href":"https:\/\/www.elsindical.com.ar\/notas\/wp-json\/wp\/v2\/types\/post"}],"author":[{"embeddable":true,"href":"https:\/\/www.elsindical.com.ar\/notas\/wp-json\/wp\/v2\/users\/1"}],"replies":[{"embeddable":true,"href":"https:\/\/www.elsindical.com.ar\/notas\/wp-json\/wp\/v2\/comments?post=102142"}],"version-history":[{"count":1,"href":"https:\/\/www.elsindical.com.ar\/notas\/wp-json\/wp\/v2\/posts\/102142\/revisions"}],"predecessor-version":[{"id":102144,"href":"https:\/\/www.elsindical.com.ar\/notas\/wp-json\/wp\/v2\/posts\/102142\/revisions\/102144"}],"wp:featuredmedia":[{"embeddable":true,"href":"https:\/\/www.elsindical.com.ar\/notas\/wp-json\/wp\/v2\/media\/102143"}],"wp:attachment":[{"href":"https:\/\/www.elsindical.com.ar\/notas\/wp-json\/wp\/v2\/media?parent=102142"}],"wp:term":[{"taxonomy":"category","embeddable":true,"href":"https:\/\/www.elsindical.com.ar\/notas\/wp-json\/wp\/v2\/categories?post=102142"},{"taxonomy":"post_tag","embeddable":true,"href":"https:\/\/www.elsindical.com.ar\/notas\/wp-json\/wp\/v2\/tags?post=102142"}],"curies":[{"name":"wp","href":"https:\/\/api.w.org\/{rel}","templated":true}]}}