{"id":102139,"date":"2021-02-07T16:17:00","date_gmt":"2021-02-07T19:17:00","guid":{"rendered":"https:\/\/www.elsindical.com.ar\/notas\/?p=102139"},"modified":"2021-02-07T16:17:01","modified_gmt":"2021-02-07T19:17:01","slug":"fernandez-amenazo-que-subiria-las-retenciones-si-no-se-cumplen-los-acuerdos-de-precios","status":"publish","type":"post","link":"https:\/\/www.elsindical.com.ar\/notas\/fernandez-amenazo-que-subiria-las-retenciones-si-no-se-cumplen-los-acuerdos-de-precios\/","title":{"rendered":"Fern\u00e1ndez amenaz\u00f3 que subir\u00eda las retenciones si no se cumplen los acuerdos de precios"},"content":{"rendered":"\n<figure class=\"wp-block-image size-large\"><a href=\"https:\/\/www.elsindical.com.ar\/notas\/var\/www\/html\/notas\/wp-content\/uploads\/2021\/02\/acuerdo-de-precios.jpg\"><img loading=\"lazy\" decoding=\"async\" width=\"773\" height=\"507\" src=\"https:\/\/www.elsindical.com.ar\/notas\/var\/www\/html\/notas\/wp-content\/uploads\/2021\/02\/acuerdo-de-precios.jpg\" alt=\"\" class=\"wp-image-102140\" srcset=\"https:\/\/www.elsindical.com.ar\/notas\/var\/www\/html\/notas\/wp-content\/uploads\/2021\/02\/acuerdo-de-precios.jpg 773w, https:\/\/www.elsindical.com.ar\/notas\/var\/www\/html\/notas\/wp-content\/uploads\/2021\/02\/acuerdo-de-precios-300x197.jpg 300w, https:\/\/www.elsindical.com.ar\/notas\/var\/www\/html\/notas\/wp-content\/uploads\/2021\/02\/acuerdo-de-precios-768x504.jpg 768w, https:\/\/www.elsindical.com.ar\/notas\/var\/www\/html\/notas\/wp-content\/uploads\/2021\/02\/acuerdo-de-precios-457x300.jpg 457w\" sizes=\"auto, (max-width: 773px) 100vw, 773px\" \/><\/a><\/figure>\n\n\n\n<p>Dijo que preferir\u00eda no hacerlo, pero que no dudar\u00e1 en implementar alguna de esas herramientas si \u201cen poco tiempo\u201d no se desacoplan los precios internos con los externos.<\/p>\n\n\n\n<p>El <strong>presidente Alberto Fern\u00e1ndez<\/strong> explic\u00f3 que, frente a los aumentos de precios, las \u00fanicas dos <strong>alternativas son los cupos o las retenciones<\/strong> y le dio un <strong>ultim\u00e1tum<\/strong> a los productores para que cumplan con las regulaciones fijadas por el Estado.<\/p>\n\n\n\n<p>El primer mandatario remarc\u00f3 que <strong>el problema con los precios de la carne surgi\u00f3 porque ahora China importa carne con hueso<\/strong> y \u00abel productor tiene la posibilidad de vend\u00e9rsela al carnicero o vend\u00e9rsela a China a un precio enorme\u00bb.<\/p>\n\n\n\n<p>\u00ab<strong>Yo necesito que ellos exporten porque necesito d\u00f3lares que entren. Pero lo que no pueden es trasladar a los argentinos los precios internacionales porque no producen en precios internacionales. Ellos no producen en d\u00f3lares<\/strong>\u00ab, indic\u00f3 el mandatario a P\u00e1gina\/12.<br>Frente a ese problemas, subray\u00f3 que \u00abel Estado s\u00f3lo tiene dos canales para resolver el problema, dos herramientas que preferir\u00eda no usar: subir las retenciones (que en este momento est\u00e1n acotadas) o poner cupos, decir esto no se exporta\u00bb.<\/p>\n\n\n\n<p>\u00ab<strong>No hay mucho m\u00e1s tiempo para que decidan. Yo les pido que comprendan de lo que estoy hablando y que la gente me entienda.<\/strong> Cuando estoy hablando de estas cosas no estoy contra el campo, estoy a favor de la mesa de los argentinos. Tienen que entender que son parte de la Argentina\u00bb, insisti\u00f3.<\/p>\n\n\n\n<p>\u00abLes estoy diciendo p\u00fablicamente que no puedo dejar que esto siga pasando, porque el <strong>riesgo es que con la pandemia todos estos productos van a seguir creciendo en su precio y no estamos dispuestos a tolerarlo<\/strong>\u00ab, agreg\u00f3.<\/p>\n\n\n\n<p>Y concluy\u00f3: \u00abSi no lo entienden, me obligan a resolver el problema y no pueden hacerse los desentendidos. <strong>A m\u00ed me votaron para ejercer el poder cuando tengo que ejercerlo. No se puede especular en este contexto, no tienen derecho a lastimar la tranquilidad de la gente<\/strong>\u00ab.<\/p>\n","protected":false},"excerpt":{"rendered":"<p>Dijo que preferir\u00eda no hacerlo, pero que no dudar\u00e1 en implementar alguna de esas herramientas si \u201cen poco tiempo\u201d no se desacoplan los precios internos con los externos. El presidente Alberto Fern\u00e1ndez explic\u00f3 que, frente a los aumentos de precios, las \u00fanicas dos alternativas son los cupos o las retenciones y le dio un ultim\u00e1tum&hellip;<\/p>\n","protected":false},"author":1,"featured_media":102140,"comment_status":"open","ping_status":"open","sticky":false,"template":"","format":"standard","meta":{"footnotes":""},"categories":[13],"tags":[34160,11223,2450,22023],"class_list":["post-102139","post","type-post","status-publish","format-standard","has-post-thumbnail","hentry","category-politica","tag-acuerdo-de-precios","tag-alberto-fernandez","tag-diario-el-sindical","tag-economia"],"_links":{"self":[{"href":"https:\/\/www.elsindical.com.ar\/notas\/wp-json\/wp\/v2\/posts\/102139","targetHints":{"allow":["GET"]}}],"collection":[{"href":"https:\/\/www.elsindical.com.ar\/notas\/wp-json\/wp\/v2\/posts"}],"about":[{"href":"https:\/\/www.elsindical.com.ar\/notas\/wp-json\/wp\/v2\/types\/post"}],"author":[{"embeddable":true,"href":"https:\/\/www.elsindical.com.ar\/notas\/wp-json\/wp\/v2\/users\/1"}],"replies":[{"embeddable":true,"href":"https:\/\/www.elsindical.com.ar\/notas\/wp-json\/wp\/v2\/comments?post=102139"}],"version-history":[{"count":1,"href":"https:\/\/www.elsindical.com.ar\/notas\/wp-json\/wp\/v2\/posts\/102139\/revisions"}],"predecessor-version":[{"id":102141,"href":"https:\/\/www.elsindical.com.ar\/notas\/wp-json\/wp\/v2\/posts\/102139\/revisions\/102141"}],"wp:featuredmedia":[{"embeddable":true,"href":"https:\/\/www.elsindical.com.ar\/notas\/wp-json\/wp\/v2\/media\/102140"}],"wp:attachment":[{"href":"https:\/\/www.elsindical.com.ar\/notas\/wp-json\/wp\/v2\/media?parent=102139"}],"wp:term":[{"taxonomy":"category","embeddable":true,"href":"https:\/\/www.elsindical.com.ar\/notas\/wp-json\/wp\/v2\/categories?post=102139"},{"taxonomy":"post_tag","embeddable":true,"href":"https:\/\/www.elsindical.com.ar\/notas\/wp-json\/wp\/v2\/tags?post=102139"}],"curies":[{"name":"wp","href":"https:\/\/api.w.org\/{rel}","templated":true}]}}