{"id":102097,"date":"2021-02-05T12:33:10","date_gmt":"2021-02-05T15:33:10","guid":{"rendered":"https:\/\/www.elsindical.com.ar\/notas\/?p=102097"},"modified":"2021-02-05T12:33:12","modified_gmt":"2021-02-05T15:33:12","slug":"nuevas-senalizaciones-contra-la-violencia-institucional","status":"publish","type":"post","link":"https:\/\/www.elsindical.com.ar\/notas\/nuevas-senalizaciones-contra-la-violencia-institucional\/","title":{"rendered":"Nuevas se\u00f1alizaciones contra la violencia institucional"},"content":{"rendered":"\n<figure class=\"wp-block-image size-large\"><a href=\"https:\/\/www.elsindical.com.ar\/notas\/var\/www\/html\/notas\/wp-content\/uploads\/2021\/02\/be9ee60c-4f25-449c-8a88-28fc95fd16f4.jpeg\"><img loading=\"lazy\" decoding=\"async\" width=\"1024\" height=\"682\" src=\"https:\/\/www.elsindical.com.ar\/notas\/var\/www\/html\/notas\/wp-content\/uploads\/2021\/02\/be9ee60c-4f25-449c-8a88-28fc95fd16f4-1024x682.jpeg\" alt=\"\" class=\"wp-image-102098\" srcset=\"https:\/\/www.elsindical.com.ar\/notas\/var\/www\/html\/notas\/wp-content\/uploads\/2021\/02\/be9ee60c-4f25-449c-8a88-28fc95fd16f4-1024x682.jpeg 1024w, https:\/\/www.elsindical.com.ar\/notas\/var\/www\/html\/notas\/wp-content\/uploads\/2021\/02\/be9ee60c-4f25-449c-8a88-28fc95fd16f4-300x200.jpeg 300w, https:\/\/www.elsindical.com.ar\/notas\/var\/www\/html\/notas\/wp-content\/uploads\/2021\/02\/be9ee60c-4f25-449c-8a88-28fc95fd16f4-768x511.jpeg 768w, https:\/\/www.elsindical.com.ar\/notas\/var\/www\/html\/notas\/wp-content\/uploads\/2021\/02\/be9ee60c-4f25-449c-8a88-28fc95fd16f4-451x300.jpeg 451w, https:\/\/www.elsindical.com.ar\/notas\/var\/www\/html\/notas\/wp-content\/uploads\/2021\/02\/be9ee60c-4f25-449c-8a88-28fc95fd16f4.jpeg 1280w\" sizes=\"auto, (max-width: 1024px) 100vw, 1024px\" \/><\/a><\/figure>\n\n\n\n<figure class=\"wp-block-table\"><table><tbody><tr><td><strong>La Secretar\u00eda de Derechos Humanos inaugur\u00f3 nuevas se\u00f1alizaciones contra la violencia institucional<\/strong><\/td><\/tr><\/tbody><\/table><\/figure>\n\n\n\n<figure class=\"wp-block-table\"><table><tbody><tr><td><em>A 10 a\u00f1os de la Masacre de Carcova y a 20 del femicidio de Natalia Melmann, la Secretar\u00eda record\u00f3 a las v\u00edctimas.<br><br>Como parte de la pol\u00edtica de se\u00f1alizaci\u00f3n contra la violencia institucional que lleva adelante la Secretar\u00eda, esta semana se descubrieron dos nuevos carteles. El primero es para recordar &nbsp;a las v\u00edctimas de la conocida \u00abMasacre de Carcova\u00bb. As\u00ed, el mi\u00e9rcoles 3 de febrero, a 10 a\u00f1os del asesinato de Mauricio Ramos y Franco Almir\u00f3n a manos de la polic\u00eda bonaerense, se realiz\u00f3 un acto en la Plaza de los Trabajadores de Jos\u00e9 Le\u00f3n Su\u00e1rez, que cont\u00f3 con la participaci\u00f3n de autoridades nacionales, provinciales y locales.<br><br>Horacio Pietragalla Corti, secretario de Derechos Humanos de la Naci\u00f3n expres\u00f3: \u00abDebemos mirar el camino de Memoria, Verdad y Justicia, que permiti\u00f3 que podamos vivir en democracia. Los carteles tienen un significado muy importante, que es que no pase desapercibida la p\u00e9rdida de estas personas. Tenemos que generar un antes y un despu\u00e9s en los casos de violencia institucional para que no haya m\u00e1s pibes y pibas muertos y muertas a manos de la polic\u00eda y para que no tengamos que colocar carteles todos los a\u00f1os\u00bb.&nbsp;<br><br>En el encuentro tambi\u00e9n se realiz\u00f3 la lectura de un documento de organizaciones sociales, a cargo del \u00fanico sobreviviente de la masacre, Joaqu\u00edn Romero, y de Mar\u00eda Elena y Anal\u00eda Ramos, y Belquis Almir\u00f3n, familiares de los j\u00f3venes asesinados.&nbsp;<br><br>Adem\u00e1s del secretario de Derechos Humanos, estuvieron presentes el intendente de San Mart\u00edn, Fernando Moreira, el subsecretario de Derechos Humanos de la Provincia, Mat\u00edas Moreno, el Padre Pepe, la intendenta de Moreno, Mariel Fern\u00e1ndez, el diputado nacional Leonardo Grosso, y el actual ministro de Obras P\u00fablicas y ex intendente de San Mart\u00edn, Gabriel Katopodis.&nbsp;<br><br>El segundo cartel descubierto fue en Miramar. &nbsp;El jueves 4, en la plaza de la Memoria de Miramar, Horacio Pietragalla Corti, Mat\u00edas Moreno y el intendente de General Alvarado, Sebasti\u00e1n Ianantuony, acompa\u00f1aron a los familiares de Natalia Melmann, a 20 a\u00f1os de su femicidio, a manos tambi\u00e9n de la polic\u00eda bonaerense.<br><br>\u00abEsta se\u00f1alizaci\u00f3n que hoy hacemos es para mantener viva a Natalia y que cada chico o chica que pase por ac\u00e1 sepa qui\u00e9n fue. Desde la Secretar\u00eda, estamos fortaleciendo la formaci\u00f3n de las fuerzas de seguridad en todo el pa\u00eds\u00bb, expres\u00f3 Pietragalla Corti durante el emotivo homenaje.&nbsp;<br><br>Las se\u00f1alizaciones tienen como prop\u00f3sito mantener viva la memoria y el reclamo de justicia, como herramientas fundamentales en la lucha contra la violencia institucional.&nbsp;<br><br><strong>LOS HECHOS<\/strong><br>El 3 de febrero de 2011 Mauricio Ramos y Franco Almir\u00f3n fueron ejecutados por efectivos de la polic\u00eda bonaerense, mientras que Joaqu\u00edn Romero sufri\u00f3 heridas de gravedad. Los tres j\u00f3venes se dirig\u00edan a buscar cartones a los basurales de CEAMSE cuando se detuvieron a observar c\u00f3mo la polic\u00eda reprim\u00eda con extrema violencia a un grupo de vecinos del barrio Carcova, de Jos\u00e9 Le\u00f3n Su\u00e1rez, cuando intentaban rescatar mercader\u00eda de un tren carguero que hab\u00eda descarrilado por desperfectos en los rieles. Todav\u00eda se aguarda la realizaci\u00f3n del juicio oral por los homicidios de Franco y Mauricio.&nbsp;<br><br>Natalia Melmann fue vista por \u00faltima vez el 4 de febrero de 2001 y cuatro d\u00edas despu\u00e9s su cuerpo apareci\u00f3 con signos de abuso y violencia. La autopsia revel\u00f3 rastros de cinco perfiles gen\u00e9ticos dentro del cuerpo. Por su caso, fueron condenados los efectivos de la Polic\u00eda Bonaerense Ricardo Su\u00e1rez, Oscar Echenique y Ricardo Anselmini &nbsp;y Gustavo Fern\u00e1ndez, alias \u00abEl Gallo\u00bb, recibi\u00f3 una condena de 25 a\u00f1os que luego fue reducida a 10, acusado de ser el \u00abentregador\u00bb de Natalia. Al d\u00eda de hoy, todav\u00eda no fueron condenados todos los responsables.<\/em><\/td><\/tr><\/tbody><\/table><\/figure>\n\n\n\n<figure class=\"wp-block-gallery columns-1 is-cropped wp-block-gallery-1 is-layout-flex wp-block-gallery-is-layout-flex\"><ul class=\"blocks-gallery-grid\"><li class=\"blocks-gallery-item\"><figure><a href=\"https:\/\/www.elsindical.com.ar\/notas\/var\/www\/html\/notas\/wp-content\/uploads\/2021\/02\/65daa386-6f17-4c7d-9a94-4a42451737ab.jpeg\"><img loading=\"lazy\" decoding=\"async\" width=\"1024\" height=\"682\" src=\"https:\/\/www.elsindical.com.ar\/notas\/var\/www\/html\/notas\/wp-content\/uploads\/2021\/02\/65daa386-6f17-4c7d-9a94-4a42451737ab-1024x682.jpeg\" alt=\"\" data-id=\"102099\" data-full-url=\"https:\/\/www.elsindical.com.ar\/notas\/var\/www\/html\/notas\/wp-content\/uploads\/2021\/02\/65daa386-6f17-4c7d-9a94-4a42451737ab.jpeg\" data-link=\"https:\/\/www.elsindical.com.ar\/notas\/?attachment_id=102099#main\" class=\"wp-image-102099\" srcset=\"https:\/\/www.elsindical.com.ar\/notas\/var\/www\/html\/notas\/wp-content\/uploads\/2021\/02\/65daa386-6f17-4c7d-9a94-4a42451737ab-1024x682.jpeg 1024w, https:\/\/www.elsindical.com.ar\/notas\/var\/www\/html\/notas\/wp-content\/uploads\/2021\/02\/65daa386-6f17-4c7d-9a94-4a42451737ab-300x200.jpeg 300w, https:\/\/www.elsindical.com.ar\/notas\/var\/www\/html\/notas\/wp-content\/uploads\/2021\/02\/65daa386-6f17-4c7d-9a94-4a42451737ab-768x512.jpeg 768w, https:\/\/www.elsindical.com.ar\/notas\/var\/www\/html\/notas\/wp-content\/uploads\/2021\/02\/65daa386-6f17-4c7d-9a94-4a42451737ab-450x300.jpeg 450w, https:\/\/www.elsindical.com.ar\/notas\/var\/www\/html\/notas\/wp-content\/uploads\/2021\/02\/65daa386-6f17-4c7d-9a94-4a42451737ab.jpeg 1280w\" sizes=\"auto, (max-width: 1024px) 100vw, 1024px\" \/><\/a><\/figure><\/li><li class=\"blocks-gallery-item\"><figure><a href=\"https:\/\/www.elsindical.com.ar\/notas\/var\/www\/html\/notas\/wp-content\/uploads\/2021\/02\/7abc7d20-39fd-4b70-9ff6-052a6d472bc7.jpeg\"><img loading=\"lazy\" decoding=\"async\" width=\"1024\" height=\"683\" src=\"https:\/\/www.elsindical.com.ar\/notas\/var\/www\/html\/notas\/wp-content\/uploads\/2021\/02\/7abc7d20-39fd-4b70-9ff6-052a6d472bc7-1024x683.jpeg\" alt=\"\" data-id=\"102100\" data-full-url=\"https:\/\/www.elsindical.com.ar\/notas\/var\/www\/html\/notas\/wp-content\/uploads\/2021\/02\/7abc7d20-39fd-4b70-9ff6-052a6d472bc7.jpeg\" data-link=\"https:\/\/www.elsindical.com.ar\/notas\/?attachment_id=102100#main\" class=\"wp-image-102100\" srcset=\"https:\/\/www.elsindical.com.ar\/notas\/var\/www\/html\/notas\/wp-content\/uploads\/2021\/02\/7abc7d20-39fd-4b70-9ff6-052a6d472bc7-1024x683.jpeg 1024w, https:\/\/www.elsindical.com.ar\/notas\/var\/www\/html\/notas\/wp-content\/uploads\/2021\/02\/7abc7d20-39fd-4b70-9ff6-052a6d472bc7-300x200.jpeg 300w, https:\/\/www.elsindical.com.ar\/notas\/var\/www\/html\/notas\/wp-content\/uploads\/2021\/02\/7abc7d20-39fd-4b70-9ff6-052a6d472bc7-768x512.jpeg 768w, https:\/\/www.elsindical.com.ar\/notas\/var\/www\/html\/notas\/wp-content\/uploads\/2021\/02\/7abc7d20-39fd-4b70-9ff6-052a6d472bc7-450x300.jpeg 450w, https:\/\/www.elsindical.com.ar\/notas\/var\/www\/html\/notas\/wp-content\/uploads\/2021\/02\/7abc7d20-39fd-4b70-9ff6-052a6d472bc7.jpeg 1035w\" sizes=\"auto, (max-width: 1024px) 100vw, 1024px\" \/><\/a><\/figure><\/li><li class=\"blocks-gallery-item\"><figure><a href=\"https:\/\/www.elsindical.com.ar\/notas\/var\/www\/html\/notas\/wp-content\/uploads\/2021\/02\/18faa1f4-df78-4aed-9bc4-0829034efa9f.jpeg\"><img loading=\"lazy\" decoding=\"async\" width=\"1024\" height=\"682\" src=\"https:\/\/www.elsindical.com.ar\/notas\/var\/www\/html\/notas\/wp-content\/uploads\/2021\/02\/18faa1f4-df78-4aed-9bc4-0829034efa9f-1024x682.jpeg\" alt=\"\" data-id=\"102101\" data-full-url=\"https:\/\/www.elsindical.com.ar\/notas\/var\/www\/html\/notas\/wp-content\/uploads\/2021\/02\/18faa1f4-df78-4aed-9bc4-0829034efa9f.jpeg\" data-link=\"https:\/\/www.elsindical.com.ar\/notas\/?attachment_id=102101#main\" class=\"wp-image-102101\" srcset=\"https:\/\/www.elsindical.com.ar\/notas\/var\/www\/html\/notas\/wp-content\/uploads\/2021\/02\/18faa1f4-df78-4aed-9bc4-0829034efa9f-1024x682.jpeg 1024w, https:\/\/www.elsindical.com.ar\/notas\/var\/www\/html\/notas\/wp-content\/uploads\/2021\/02\/18faa1f4-df78-4aed-9bc4-0829034efa9f-300x200.jpeg 300w, https:\/\/www.elsindical.com.ar\/notas\/var\/www\/html\/notas\/wp-content\/uploads\/2021\/02\/18faa1f4-df78-4aed-9bc4-0829034efa9f-768x512.jpeg 768w, https:\/\/www.elsindical.com.ar\/notas\/var\/www\/html\/notas\/wp-content\/uploads\/2021\/02\/18faa1f4-df78-4aed-9bc4-0829034efa9f-450x300.jpeg 450w, https:\/\/www.elsindical.com.ar\/notas\/var\/www\/html\/notas\/wp-content\/uploads\/2021\/02\/18faa1f4-df78-4aed-9bc4-0829034efa9f.jpeg 1280w\" sizes=\"auto, (max-width: 1024px) 100vw, 1024px\" \/><\/a><\/figure><\/li><\/ul><\/figure>\n","protected":false},"excerpt":{"rendered":"<p>La Secretar\u00eda de Derechos Humanos inaugur\u00f3 nuevas se\u00f1alizaciones contra la violencia institucional A 10 a\u00f1os de la Masacre de Carcova y a 20 del femicidio de Natalia Melmann, la Secretar\u00eda record\u00f3 a las v\u00edctimas. Como parte de la pol\u00edtica de se\u00f1alizaci\u00f3n contra la violencia institucional que lleva adelante la Secretar\u00eda, esta semana se descubrieron dos&hellip;<\/p>\n","protected":false},"author":1,"featured_media":102098,"comment_status":"open","ping_status":"open","sticky":false,"template":"","format":"standard","meta":{"footnotes":""},"categories":[8],"tags":[22022,2450,8791,34156],"class_list":["post-102097","post","type-post","status-publish","format-standard","has-post-thumbnail","hentry","category-derechos-humanos","tag-derechos-humanos","tag-diario-el-sindical","tag-secretaria-de-derechos-humanos","tag-senalizaciones"],"_links":{"self":[{"href":"https:\/\/www.elsindical.com.ar\/notas\/wp-json\/wp\/v2\/posts\/102097","targetHints":{"allow":["GET"]}}],"collection":[{"href":"https:\/\/www.elsindical.com.ar\/notas\/wp-json\/wp\/v2\/posts"}],"about":[{"href":"https:\/\/www.elsindical.com.ar\/notas\/wp-json\/wp\/v2\/types\/post"}],"author":[{"embeddable":true,"href":"https:\/\/www.elsindical.com.ar\/notas\/wp-json\/wp\/v2\/users\/1"}],"replies":[{"embeddable":true,"href":"https:\/\/www.elsindical.com.ar\/notas\/wp-json\/wp\/v2\/comments?post=102097"}],"version-history":[{"count":1,"href":"https:\/\/www.elsindical.com.ar\/notas\/wp-json\/wp\/v2\/posts\/102097\/revisions"}],"predecessor-version":[{"id":102102,"href":"https:\/\/www.elsindical.com.ar\/notas\/wp-json\/wp\/v2\/posts\/102097\/revisions\/102102"}],"wp:featuredmedia":[{"embeddable":true,"href":"https:\/\/www.elsindical.com.ar\/notas\/wp-json\/wp\/v2\/media\/102098"}],"wp:attachment":[{"href":"https:\/\/www.elsindical.com.ar\/notas\/wp-json\/wp\/v2\/media?parent=102097"}],"wp:term":[{"taxonomy":"category","embeddable":true,"href":"https:\/\/www.elsindical.com.ar\/notas\/wp-json\/wp\/v2\/categories?post=102097"},{"taxonomy":"post_tag","embeddable":true,"href":"https:\/\/www.elsindical.com.ar\/notas\/wp-json\/wp\/v2\/tags?post=102097"}],"curies":[{"name":"wp","href":"https:\/\/api.w.org\/{rel}","templated":true}]}}