{"id":101976,"date":"2021-01-31T09:50:19","date_gmt":"2021-01-31T12:50:19","guid":{"rendered":"https:\/\/www.elsindical.com.ar\/notas\/?p=101976"},"modified":"2021-01-31T09:50:20","modified_gmt":"2021-01-31T12:50:20","slug":"avellaneda-dos-nuevas-muertes-por-covid","status":"publish","type":"post","link":"https:\/\/www.elsindical.com.ar\/notas\/avellaneda-dos-nuevas-muertes-por-covid\/","title":{"rendered":"Avellaneda: Dos nuevas muertes por Covid"},"content":{"rendered":"\n<figure class=\"wp-block-image size-large\"><a href=\"https:\/\/www.elsindical.com.ar\/notas\/var\/www\/html\/notas\/wp-content\/uploads\/2021\/01\/muertes-y-contagios-Avell-30-enero-21.jpg\"><img loading=\"lazy\" decoding=\"async\" width=\"1024\" height=\"1024\" src=\"https:\/\/www.elsindical.com.ar\/notas\/var\/www\/html\/notas\/wp-content\/uploads\/2021\/01\/muertes-y-contagios-Avell-30-enero-21-1024x1024.jpg\" alt=\"\" class=\"wp-image-101977\" srcset=\"https:\/\/www.elsindical.com.ar\/notas\/var\/www\/html\/notas\/wp-content\/uploads\/2021\/01\/muertes-y-contagios-Avell-30-enero-21-1024x1024.jpg 1024w, https:\/\/www.elsindical.com.ar\/notas\/var\/www\/html\/notas\/wp-content\/uploads\/2021\/01\/muertes-y-contagios-Avell-30-enero-21-300x300.jpg 300w, https:\/\/www.elsindical.com.ar\/notas\/var\/www\/html\/notas\/wp-content\/uploads\/2021\/01\/muertes-y-contagios-Avell-30-enero-21-150x150.jpg 150w, https:\/\/www.elsindical.com.ar\/notas\/var\/www\/html\/notas\/wp-content\/uploads\/2021\/01\/muertes-y-contagios-Avell-30-enero-21-768x768.jpg 768w, https:\/\/www.elsindical.com.ar\/notas\/var\/www\/html\/notas\/wp-content\/uploads\/2021\/01\/muertes-y-contagios-Avell-30-enero-21-50x50.jpg 50w, https:\/\/www.elsindical.com.ar\/notas\/var\/www\/html\/notas\/wp-content\/uploads\/2021\/01\/muertes-y-contagios-Avell-30-enero-21.jpg 1200w\" sizes=\"auto, (max-width: 1024px) 100vw, 1024px\" \/><\/a><\/figure>\n\n\n\n<p class=\"wp-block-paragraph\">Ya son 775 las v\u00edctimas fatales en el distrito. Ascienden a 21.335 los contagios.<\/p>\n\n\n\n<p class=\"wp-block-paragraph\">Dos vecinos de Avellaneda fallecieron en las \u00faltimas horas por Covid-19, de acuerdo a lo informado este s\u00e1bado por el Ministerio de Salud de la provincia de Buenos Aires. Tambi\u00e9n se registraron 45 contagios.<\/p>\n\n\n\n<p class=\"wp-block-paragraph\">Dentro de los 21.335 casos confirmados se encuentran los 18.663 vecinos que se recuperaron y los 775 que fallecieron.<\/p>\n\n\n\n<p class=\"wp-block-paragraph\">En cuanto a la clasificaci\u00f3n epidemiol\u00f3gica, el 73,1 por ciento de los casos es por transmisi\u00f3n comunitaria, 13,7 por contacto estrecho, 4,5 corresponde a trabajadores de la salud, hay un 0,3 por ciento de casos importados y otro 8,4 en investigaci\u00f3n.<\/p>\n","protected":false},"excerpt":{"rendered":"<p>Ya son 775 las v\u00edctimas fatales en el distrito. Ascienden a 21.335 los contagios. Dos vecinos de Avellaneda fallecieron en las \u00faltimas horas por Covid-19, de acuerdo a lo informado este s\u00e1bado por el Ministerio de Salud de la provincia de Buenos Aires. Tambi\u00e9n se registraron 45 contagios. Dentro de los 21.335 casos confirmados se&hellip;<\/p>\n","protected":false},"author":1,"featured_media":101977,"comment_status":"open","ping_status":"open","sticky":false,"template":"","format":"standard","meta":{"footnotes":""},"categories":[23],"tags":[461,19938,2450,134,22031],"class_list":["post-101976","post","type-post","status-publish","format-standard","has-post-thumbnail","hentry","category-salud","tag-avellaneda","tag-contagios","tag-diario-el-sindical","tag-muertes","tag-salud"],"_links":{"self":[{"href":"https:\/\/www.elsindical.com.ar\/notas\/wp-json\/wp\/v2\/posts\/101976","targetHints":{"allow":["GET"]}}],"collection":[{"href":"https:\/\/www.elsindical.com.ar\/notas\/wp-json\/wp\/v2\/posts"}],"about":[{"href":"https:\/\/www.elsindical.com.ar\/notas\/wp-json\/wp\/v2\/types\/post"}],"author":[{"embeddable":true,"href":"https:\/\/www.elsindical.com.ar\/notas\/wp-json\/wp\/v2\/users\/1"}],"replies":[{"embeddable":true,"href":"https:\/\/www.elsindical.com.ar\/notas\/wp-json\/wp\/v2\/comments?post=101976"}],"version-history":[{"count":1,"href":"https:\/\/www.elsindical.com.ar\/notas\/wp-json\/wp\/v2\/posts\/101976\/revisions"}],"predecessor-version":[{"id":101978,"href":"https:\/\/www.elsindical.com.ar\/notas\/wp-json\/wp\/v2\/posts\/101976\/revisions\/101978"}],"wp:featuredmedia":[{"embeddable":true,"href":"https:\/\/www.elsindical.com.ar\/notas\/wp-json\/wp\/v2\/media\/101977"}],"wp:attachment":[{"href":"https:\/\/www.elsindical.com.ar\/notas\/wp-json\/wp\/v2\/media?parent=101976"}],"wp:term":[{"taxonomy":"category","embeddable":true,"href":"https:\/\/www.elsindical.com.ar\/notas\/wp-json\/wp\/v2\/categories?post=101976"},{"taxonomy":"post_tag","embeddable":true,"href":"https:\/\/www.elsindical.com.ar\/notas\/wp-json\/wp\/v2\/tags?post=101976"}],"curies":[{"name":"wp","href":"https:\/\/api.w.org\/{rel}","templated":true}]}}