{"id":101938,"date":"2021-01-29T01:22:25","date_gmt":"2021-01-29T04:22:25","guid":{"rendered":"https:\/\/www.elsindical.com.ar\/notas\/?p=101938"},"modified":"2021-01-29T01:22:27","modified_gmt":"2021-01-29T04:22:27","slug":"tension-en-aysa-peligra-el-empleo-de-mas-de-200-vigiladores","status":"publish","type":"post","link":"https:\/\/www.elsindical.com.ar\/notas\/tension-en-aysa-peligra-el-empleo-de-mas-de-200-vigiladores\/","title":{"rendered":"Tensi\u00f3n en AYSA: Peligra el empleo de m\u00e1s de 200 vigiladores"},"content":{"rendered":"\n<div class=\"wp-block-image\"><figure class=\"aligncenter size-large is-resized\"><a href=\"https:\/\/www.elsindical.com.ar\/notas\/var\/www\/html\/notas\/wp-content\/uploads\/2013\/11\/Aysa.png\"><img loading=\"lazy\" decoding=\"async\" src=\"https:\/\/www.elsindical.com.ar\/notas\/var\/www\/html\/notas\/wp-content\/uploads\/2013\/11\/Aysa.png\" alt=\"\" class=\"wp-image-38822\" width=\"314\" height=\"315\" srcset=\"https:\/\/www.elsindical.com.ar\/notas\/var\/www\/html\/notas\/wp-content\/uploads\/2013\/11\/Aysa.png 224w, https:\/\/www.elsindical.com.ar\/notas\/var\/www\/html\/notas\/wp-content\/uploads\/2013\/11\/Aysa-150x150.png 150w\" sizes=\"auto, (max-width: 314px) 100vw, 314px\" \/><\/a><\/figure><\/div>\n\n\n\n<p>M\u00e1s de 200 vigiladores de seguridad privada que prestan servicios para la empresa AYSA podr\u00edan quedar en la calle en el transcurso de febrero. Se trata de Vigiladores que cubren objetivos en distintas plantas de la firma.<\/p>\n\n\n\n<p>El gremio que los agrupa (SUTCAPRA) exigi\u00f3 a la presidencia de la firma, a cargo de Malena Galmarini, \u00abgarant\u00edas en la continuidad laboral\u00bb de los vigiladores.<\/p>\n\n\n\n<p>El Sindicato \u00danico de Trabajadores de Control de Admisi\u00f3n y Permanencia (SUTCAPRA), a trav\u00e9s de la Rama de Vigilancia y Custodia, ya realiz\u00f3 presentaciones ante AYSA sin respuestas favorables por el momento.<\/p>\n\n\n\n<p>El conflicto surgi\u00f3 hace semanas ante el cambio de empresas de seguridad por decisi\u00f3n de la firma estatal.<\/p>\n\n\n\n<p>\u00abEl pedido de nuestra organizaci\u00f3n es que AYSA garantice la continuidad laboral de m\u00e1s de 200 trabajadores que conocen los puestos de trabajo y brindan actualmente un servicio de calidad a la empresa\u00bb, destac\u00f3 Lucas Burquet, secretario general de la Rama Vigilancia de SUTCAPRA.<\/p>\n\n\n\n<p>Burquet pidi\u00f3 la intervenci\u00f3n en el conflicto de las m\u00e1ximas autoridades de AYSA para \u00abllevar tranquilidad a nuestros compa\u00f1eros que no saben si en febrero van a continuar trabajando o quedar en la calle en plena pandemia\u00bb.<\/p>\n\n\n\n<p>De no haber respuestas a los reclamos, SUTCAPRA movilizar\u00e1 de manera masiva a la sede central de AYSA en Tucum\u00e1n 752 de la Ciudad de Buenos Aires, para exigir resoluciones urgentes y evitar la desvinculaci\u00f3n de los vigiladores.<\/p>\n","protected":false},"excerpt":{"rendered":"<p>M\u00e1s de 200 vigiladores de seguridad privada que prestan servicios para la empresa AYSA podr\u00edan quedar en la calle en el transcurso de febrero. Se trata de Vigiladores que cubren objetivos en distintas plantas de la firma. El gremio que los agrupa (SUTCAPRA) exigi\u00f3 a la presidencia de la firma, a cargo de Malena Galmarini,&hellip;<\/p>\n","protected":false},"author":1,"featured_media":38822,"comment_status":"open","ping_status":"open","sticky":false,"template":"","format":"standard","meta":{"footnotes":""},"categories":[16],"tags":[12912,2450,20850,5238,4600],"class_list":["post-101938","post","type-post","status-publish","format-standard","has-post-thumbnail","hentry","category-gremiales","tag-aysa","tag-diario-el-sindical","tag-malena-galmarini","tag-sutcapra","tag-vigiladores"],"_links":{"self":[{"href":"https:\/\/www.elsindical.com.ar\/notas\/wp-json\/wp\/v2\/posts\/101938","targetHints":{"allow":["GET"]}}],"collection":[{"href":"https:\/\/www.elsindical.com.ar\/notas\/wp-json\/wp\/v2\/posts"}],"about":[{"href":"https:\/\/www.elsindical.com.ar\/notas\/wp-json\/wp\/v2\/types\/post"}],"author":[{"embeddable":true,"href":"https:\/\/www.elsindical.com.ar\/notas\/wp-json\/wp\/v2\/users\/1"}],"replies":[{"embeddable":true,"href":"https:\/\/www.elsindical.com.ar\/notas\/wp-json\/wp\/v2\/comments?post=101938"}],"version-history":[{"count":1,"href":"https:\/\/www.elsindical.com.ar\/notas\/wp-json\/wp\/v2\/posts\/101938\/revisions"}],"predecessor-version":[{"id":101939,"href":"https:\/\/www.elsindical.com.ar\/notas\/wp-json\/wp\/v2\/posts\/101938\/revisions\/101939"}],"wp:featuredmedia":[{"embeddable":true,"href":"https:\/\/www.elsindical.com.ar\/notas\/wp-json\/wp\/v2\/media\/38822"}],"wp:attachment":[{"href":"https:\/\/www.elsindical.com.ar\/notas\/wp-json\/wp\/v2\/media?parent=101938"}],"wp:term":[{"taxonomy":"category","embeddable":true,"href":"https:\/\/www.elsindical.com.ar\/notas\/wp-json\/wp\/v2\/categories?post=101938"},{"taxonomy":"post_tag","embeddable":true,"href":"https:\/\/www.elsindical.com.ar\/notas\/wp-json\/wp\/v2\/tags?post=101938"}],"curies":[{"name":"wp","href":"https:\/\/api.w.org\/{rel}","templated":true}]}}