{"id":101815,"date":"2021-01-23T12:27:51","date_gmt":"2021-01-23T15:27:51","guid":{"rendered":"https:\/\/www.elsindical.com.ar\/notas\/?p=101815"},"modified":"2021-01-23T12:27:53","modified_gmt":"2021-01-23T15:27:53","slug":"murio-gabriel-ruiz-diaz-uno-de-los-fundadores-de-catupecu-machu","status":"publish","type":"post","link":"https:\/\/www.elsindical.com.ar\/notas\/murio-gabriel-ruiz-diaz-uno-de-los-fundadores-de-catupecu-machu\/","title":{"rendered":"Muri\u00f3 Gabriel Ruiz D\u00edaz, uno de los fundadores de Catupecu Machu"},"content":{"rendered":"\n<figure class=\"wp-block-image size-large\"><a href=\"https:\/\/www.elsindical.com.ar\/notas\/var\/www\/html\/notas\/wp-content\/uploads\/2021\/01\/Gabriel-Ruiz-Diaz.jpg\"><img loading=\"lazy\" decoding=\"async\" width=\"500\" height=\"592\" src=\"https:\/\/www.elsindical.com.ar\/notas\/var\/www\/html\/notas\/wp-content\/uploads\/2021\/01\/Gabriel-Ruiz-Diaz.jpg\" alt=\"\" class=\"wp-image-101816\" srcset=\"https:\/\/www.elsindical.com.ar\/notas\/var\/www\/html\/notas\/wp-content\/uploads\/2021\/01\/Gabriel-Ruiz-Diaz.jpg 500w, https:\/\/www.elsindical.com.ar\/notas\/var\/www\/html\/notas\/wp-content\/uploads\/2021\/01\/Gabriel-Ruiz-Diaz-253x300.jpg 253w\" sizes=\"auto, (max-width: 500px) 100vw, 500px\" \/><\/a><\/figure>\n\n\n\n<p class=\"wp-block-paragraph\">Jam\u00e1s pudo recuperarse completamente del accidente que sufri\u00f3 la noche del 31 de marzo de 2006. La noticia fue confirmada por su hermano Fernando.<\/p>\n\n\n\n<p class=\"wp-block-paragraph\">El mundo de la m\u00fasica est\u00e1 de luto tras <strong>la muerte de Gabriel Ruiz D\u00edaz<\/strong>, uno de los fundadores de <strong>Catupecu Machu.<\/strong> La noticia fue confirmada por el l\u00edder del grupo, que se lo comunic\u00f3 a sus fan\u00e1ticos a trav\u00e9s de un posteo de Instagram.<\/p>\n\n\n\n<p class=\"wp-block-paragraph\">\u201cAmores, hoy se fue Gabi. Se fue tranquilo, en paz. Gabi el amigo, el hermano, el bajista, el artista, el cient\u00edfico, el m\u00fasico, el hijo, un animal de la m\u00fasica. Un ser amoroso, generoso, bueno, brillante y sobre todo un guerrero\u201d, comenz\u00f3 escribiendo con profundo dolor.<\/p>\n\n\n\n<p class=\"wp-block-paragraph\">\u201cTe fuiste hoy en el D\u00eda del m\u00fasico argentino. Un d\u00eda, en una entrevista, le preguntaron cu\u00e1l era el disco m\u00e1s me gustaba de la historia de nuestro amado rock, y \u00e9l dijo \u2018<em>Artaud<\/em>, de Luis Alberto Spinetta\u2019. Seguramente te debe estar esperando para que con tus cuatro cuerdas m\u00e1gicas hagas lo que m\u00e1s amabas en tu maravillosa e incre\u00edble vida\u201d, agreg\u00f3 luego.<\/p>\n\n\n\n<p class=\"wp-block-paragraph\">Por \u00faltimo, Fernando -que siempre anhel\u00f3 la recuperaci\u00f3n total de su familiar- le agradeci\u00f3 por todo lo que compartieron juntos: \u201cVuela alto como siempre lo hiciste hermano m\u00edo. hermano de todos. Gracias por lo que diste y nos diste. Que est\u00e9s bien en ese lugar donde el tiempo no corre, donde nada se llama, donde simplemente sos\u201d.<\/p>\n\n\n\n<p class=\"wp-block-paragraph\">En la madrugada del 31 de marzo de 2006, Gabriel Ruiz D\u00edaz viajaba en el auto de C\u00e9sar Andino, el l\u00edder de la banda Cabezones, como acompa\u00f1ante. Hab\u00edan salido de un club nocturno y cuando emprend\u00edan el regreso a casa, perdieron el control en una curva, impactando contra un \u00e1rbol cerca del ex Zool\u00f3gico de Buenos Aires, en Palermo.<\/p>\n\n\n\n<p class=\"wp-block-paragraph\">El bajista de <strong>Catupecu Machu <\/strong>sufri\u00f3 lesiones m\u00faltiples, que incluy\u00f3 un traumatismo craneoencef\u00e1lico grave. Permaneci\u00f3 internado m\u00e1s de seis meses en las unidades de Terapia Intensiva e Intermedia del Hospital Juan A. Fern\u00e1ndez de la Ciudad de Buenos Aires, hasta que el 10 de octubre de 2006 fue trasladado para iniciar su rehabilitaci\u00f3n a una instituci\u00f3n privada de la localidad de Escobar. En 2007 pronunci\u00f3 sus primeras dos palabras luego del accidente.<\/p>\n\n\n\n<p class=\"wp-block-paragraph\">En el 2014, la exitosa banda mencion\u00f3 a trav\u00e9s de un comunicado que Gabriel se encontraba estable, y que presentaba avances positivos gracias a la rehabilitaci\u00f3n y musicoterapia que recib\u00eda.<\/p>\n\n\n\n<p class=\"wp-block-paragraph\">En mayo de 2018, durante una entrevista con <em>Infobae<\/em>, Fernando Ruiz D\u00edaz detall\u00f3 c\u00f3mo era su hermano antes del accidente, y se mostr\u00f3 esperanzado con una recuperaci\u00f3n total: \u201cEra un tipo que hasta ten\u00eda much\u00edsimos proyectos, mucha energ\u00eda para hacer muchas cosas. Yo creo que no le alcanz\u00f3 el tiempo ni hasta ese momento, ni\u2026 <strong>\u00c9l, a la vida esa muri\u00f3, \u00bfno? Vive, est\u00e1 vivo y tiene como mucha energ\u00eda, sigue siendo el mismo Gaby guerrero, pero digamos, ahora no toca el bajo<\/strong>. Creo en Dios y quiero creer en Dios, y ojal\u00e1 que el milagro sea un poco m\u00e1s grande y \u00e9l pueda volver a tocar. Varias cosas que influyeron mucho en que no pueda recuperarse. Por ejemplo,<strong> se da\u00f1\u00f3 mucho la vista<\/strong>:&nbsp;ve como por este ojo pero de un costadito, as\u00ed, y despu\u00e9s ve como sombras. <strong>Se da\u00f1\u00f3 la cadera,<\/strong> entonces para caminar tambi\u00e9n es jodido.<strong> Perdi\u00f3 masa encef\u00e1lica. <\/strong>Yo creo que <strong>\u00e9l est\u00e1 en un viaje que duerme y duerme;&nbsp;cuando se despierta, se despierta<\/strong>. Un poco parecido a como yo lo vi a (<strong>Gustavo<\/strong>) <strong>Cerati<\/strong> varias veces y le toqu\u00e9 la guitarra:&nbsp;viv\u00ed momentos muy hermosos con \u00e9l y su familia cuando estaba internado\u201d, explic\u00f3.<\/p>\n","protected":false},"excerpt":{"rendered":"<p>Jam\u00e1s pudo recuperarse completamente del accidente que sufri\u00f3 la noche del 31 de marzo de 2006. La noticia fue confirmada por su hermano Fernando. El mundo de la m\u00fasica est\u00e1 de luto tras la muerte de Gabriel Ruiz D\u00edaz, uno de los fundadores de Catupecu Machu. La noticia fue confirmada por el l\u00edder del grupo,&hellip;<\/p>\n","protected":false},"author":1,"featured_media":101816,"comment_status":"open","ping_status":"open","sticky":false,"template":"","format":"standard","meta":{"footnotes":""},"categories":[24],"tags":[22627,17168,2450,34111,34109,305],"class_list":["post-101815","post","type-post","status-publish","format-standard","has-post-thumbnail","hentry","category-sociales","tag-bajista","tag-catupecu-machu","tag-diario-el-sindical","tag-fernando-ruiz-diaz-2","tag-gabriel-ruiz-diaz","tag-muerte"],"_links":{"self":[{"href":"https:\/\/www.elsindical.com.ar\/notas\/wp-json\/wp\/v2\/posts\/101815","targetHints":{"allow":["GET"]}}],"collection":[{"href":"https:\/\/www.elsindical.com.ar\/notas\/wp-json\/wp\/v2\/posts"}],"about":[{"href":"https:\/\/www.elsindical.com.ar\/notas\/wp-json\/wp\/v2\/types\/post"}],"author":[{"embeddable":true,"href":"https:\/\/www.elsindical.com.ar\/notas\/wp-json\/wp\/v2\/users\/1"}],"replies":[{"embeddable":true,"href":"https:\/\/www.elsindical.com.ar\/notas\/wp-json\/wp\/v2\/comments?post=101815"}],"version-history":[{"count":1,"href":"https:\/\/www.elsindical.com.ar\/notas\/wp-json\/wp\/v2\/posts\/101815\/revisions"}],"predecessor-version":[{"id":101817,"href":"https:\/\/www.elsindical.com.ar\/notas\/wp-json\/wp\/v2\/posts\/101815\/revisions\/101817"}],"wp:featuredmedia":[{"embeddable":true,"href":"https:\/\/www.elsindical.com.ar\/notas\/wp-json\/wp\/v2\/media\/101816"}],"wp:attachment":[{"href":"https:\/\/www.elsindical.com.ar\/notas\/wp-json\/wp\/v2\/media?parent=101815"}],"wp:term":[{"taxonomy":"category","embeddable":true,"href":"https:\/\/www.elsindical.com.ar\/notas\/wp-json\/wp\/v2\/categories?post=101815"},{"taxonomy":"post_tag","embeddable":true,"href":"https:\/\/www.elsindical.com.ar\/notas\/wp-json\/wp\/v2\/tags?post=101815"}],"curies":[{"name":"wp","href":"https:\/\/api.w.org\/{rel}","templated":true}]}}