{"id":101811,"date":"2021-01-23T11:23:58","date_gmt":"2021-01-23T14:23:58","guid":{"rendered":"https:\/\/www.elsindical.com.ar\/notas\/?p=101811"},"modified":"2021-01-23T11:32:24","modified_gmt":"2021-01-23T14:32:24","slug":"descargo-de-los-policias-que-saludaron-a-patricia-bullrich-en-villa-gesell-fuimos-enganados-por-politica","status":"publish","type":"post","link":"https:\/\/www.elsindical.com.ar\/notas\/descargo-de-los-policias-que-saludaron-a-patricia-bullrich-en-villa-gesell-fuimos-enganados-por-politica\/","title":{"rendered":"Descargo de los polic\u00edas que saludaron a Patricia Bullrich en Villa Gesell fuimos enga\u00f1ados por pol\u00edtica"},"content":{"rendered":"\n<figure class=\"wp-block-image size-large\"><a href=\"https:\/\/www.elsindical.com.ar\/notas\/var\/www\/html\/notas\/wp-content\/uploads\/2021\/01\/descargo-policias-de-Gesell.jpg\"><img loading=\"lazy\" decoding=\"async\" width=\"1024\" height=\"683\" src=\"https:\/\/www.elsindical.com.ar\/notas\/var\/www\/html\/notas\/wp-content\/uploads\/2021\/01\/descargo-policias-de-Gesell-1024x683.jpg\" alt=\"\" class=\"wp-image-101812\" srcset=\"https:\/\/www.elsindical.com.ar\/notas\/var\/www\/html\/notas\/wp-content\/uploads\/2021\/01\/descargo-policias-de-Gesell-1024x683.jpg 1024w, https:\/\/www.elsindical.com.ar\/notas\/var\/www\/html\/notas\/wp-content\/uploads\/2021\/01\/descargo-policias-de-Gesell-300x200.jpg 300w, https:\/\/www.elsindical.com.ar\/notas\/var\/www\/html\/notas\/wp-content\/uploads\/2021\/01\/descargo-policias-de-Gesell-768x512.jpg 768w, https:\/\/www.elsindical.com.ar\/notas\/var\/www\/html\/notas\/wp-content\/uploads\/2021\/01\/descargo-policias-de-Gesell-450x300.jpg 450w, https:\/\/www.elsindical.com.ar\/notas\/var\/www\/html\/notas\/wp-content\/uploads\/2021\/01\/descargo-policias-de-Gesell.jpg 1170w\" sizes=\"auto, (max-width: 1024px) 100vw, 1024px\" \/><\/a><\/figure>\n\n\n\n<p class=\"wp-block-paragraph\">Los efectivos explicaron cu\u00e1l era su funci\u00f3n en el lugar y lamentaron \u201cel uso pol\u00edtico\u201d de la situaci\u00f3n.<\/p>\n\n\n\n<p class=\"wp-block-paragraph\">Los efectivos de la Polic\u00eda Bonaerense que saludaron a la ex ministra de Seguridad, Patricia Bullrich<strong> explicaron cu\u00e1l era su funci\u00f3n en el lugar y lamentaron \u201cel uso pol\u00edtico\u201d<\/strong> de la situaci\u00f3n.<\/p>\n\n\n\n<p class=\"wp-block-paragraph\">El sargento L\u00f3pez aclar\u00f3 que <strong>fueron movilizados hasta ese lugar por sus superiores cuando supieron que la ex funcionaria se har\u00eda presente.<\/strong><\/p>\n\n\n\n<p class=\"wp-block-paragraph\"><strong>\u201cNos dirigimos al lugar e hice la formaci\u00f3n de la mano de enfrente al local.<\/strong> Momentos despu\u00e9s escuchamos agravios verbales muy fuertes, que no puedo repetir porque soy un caballero y porque <strong>se merece mucho respeto la doctora Patricia Bullrich\u201d<\/strong>, dijo el polic\u00eda.<\/p>\n\n\n\n<p class=\"wp-block-paragraph\">\u201dCuando me estoy encontrando con la situaci\u00f3n de que estaba todo como armado, se dieron vuelta tanto la gente como las c\u00e1maras, empezaron aplaudirnos y ante tal situaci\u00f3n procedimos a hacer lo correcto, como fuimos entrenados dentro de la instituci\u00f3n policial: <strong>se la salud\u00f3 protocolarmente c\u00f3mo corresponde por la investidura que ejerci\u00f3 en su momento\u201d<\/strong>, afirm\u00f3.<\/p>\n\n\n\n<p class=\"wp-block-paragraph\"><strong>\u201cNunca pensamos que pod\u00eda llegar a suceder todo lo que est\u00e1 sucediendo en este momento.<\/strong> Somos una instituci\u00f3n entrenada para combatir el delito, no para ser usados como una herramienta pol\u00edtica\u201d. <strong>\u201cEs una situaci\u00f3n lamentable la que estamos viviendo mis subalternos y yo<\/strong>, y quer\u00eda aclarar qu\u00e9 fue lo que sucedi\u00f3\u201d, concluy\u00f3.<\/p>\n\n\n\n<p class=\"wp-block-paragraph\">El hecho ocurri\u00f3 en la ciudad de Villa Gessell, cuando<strong> la ex Ministra de Seguridad brindaba detalles de su nueva publicaci\u00f3n<\/strong> al aire libre, en un local gastron\u00f3mico del centro de esa ciudad balnearia.<\/p>\n\n\n\n<figure class=\"wp-block-embed is-type-video is-provider-youtube wp-block-embed-youtube wp-embed-aspect-16-9 wp-has-aspect-ratio\"><div class=\"wp-block-embed__wrapper\">\n<iframe loading=\"lazy\" title=\"Descargo polic\u00edas de Villa Gesell sobre saludo a Patricia Bullrich\" width=\"700\" height=\"394\" src=\"https:\/\/www.youtube.com\/embed\/OJRJozbZmdI?feature=oembed\" frameborder=\"0\" allow=\"accelerometer; autoplay; clipboard-write; encrypted-media; gyroscope; picture-in-picture\" allowfullscreen><\/iframe>\n<\/div><\/figure>\n","protected":false},"excerpt":{"rendered":"<p>Los efectivos explicaron cu\u00e1l era su funci\u00f3n en el lugar y lamentaron \u201cel uso pol\u00edtico\u201d de la situaci\u00f3n. Los efectivos de la Polic\u00eda Bonaerense que saludaron a la ex ministra de Seguridad, Patricia Bullrich explicaron cu\u00e1l era su funci\u00f3n en el lugar y lamentaron \u201cel uso pol\u00edtico\u201d de la situaci\u00f3n. El sargento L\u00f3pez aclar\u00f3 que&hellip;<\/p>\n","protected":false},"author":1,"featured_media":101812,"comment_status":"open","ping_status":"open","sticky":false,"template":"","format":"standard","meta":{"footnotes":""},"categories":[22],"tags":[2450,1241,749,34108,11727,3481],"class_list":["post-101811","post","type-post","status-publish","format-standard","has-post-thumbnail","hentry","category-policiales","tag-diario-el-sindical","tag-patricia-bullrich","tag-policia-bonaerense","tag-saludo-protocolar","tag-sergio-berni","tag-villa-gesell"],"_links":{"self":[{"href":"https:\/\/www.elsindical.com.ar\/notas\/wp-json\/wp\/v2\/posts\/101811","targetHints":{"allow":["GET"]}}],"collection":[{"href":"https:\/\/www.elsindical.com.ar\/notas\/wp-json\/wp\/v2\/posts"}],"about":[{"href":"https:\/\/www.elsindical.com.ar\/notas\/wp-json\/wp\/v2\/types\/post"}],"author":[{"embeddable":true,"href":"https:\/\/www.elsindical.com.ar\/notas\/wp-json\/wp\/v2\/users\/1"}],"replies":[{"embeddable":true,"href":"https:\/\/www.elsindical.com.ar\/notas\/wp-json\/wp\/v2\/comments?post=101811"}],"version-history":[{"count":2,"href":"https:\/\/www.elsindical.com.ar\/notas\/wp-json\/wp\/v2\/posts\/101811\/revisions"}],"predecessor-version":[{"id":101814,"href":"https:\/\/www.elsindical.com.ar\/notas\/wp-json\/wp\/v2\/posts\/101811\/revisions\/101814"}],"wp:featuredmedia":[{"embeddable":true,"href":"https:\/\/www.elsindical.com.ar\/notas\/wp-json\/wp\/v2\/media\/101812"}],"wp:attachment":[{"href":"https:\/\/www.elsindical.com.ar\/notas\/wp-json\/wp\/v2\/media?parent=101811"}],"wp:term":[{"taxonomy":"category","embeddable":true,"href":"https:\/\/www.elsindical.com.ar\/notas\/wp-json\/wp\/v2\/categories?post=101811"},{"taxonomy":"post_tag","embeddable":true,"href":"https:\/\/www.elsindical.com.ar\/notas\/wp-json\/wp\/v2\/tags?post=101811"}],"curies":[{"name":"wp","href":"https:\/\/api.w.org\/{rel}","templated":true}]}}