{"id":101646,"date":"2021-01-15T10:53:49","date_gmt":"2021-01-15T13:53:49","guid":{"rendered":"https:\/\/www.elsindical.com.ar\/notas\/?p=101646"},"modified":"2021-01-15T10:53:50","modified_gmt":"2021-01-15T13:53:50","slug":"avellaneda-dos-motochorros-detenidos-en-wilde-tras-persecucion","status":"publish","type":"post","link":"https:\/\/www.elsindical.com.ar\/notas\/avellaneda-dos-motochorros-detenidos-en-wilde-tras-persecucion\/","title":{"rendered":"Avellaneda: Dos motochorros detenidos en Wilde tras persecuci\u00f3n"},"content":{"rendered":"\n<figure class=\"wp-block-image size-large\"><a href=\"https:\/\/www.elsindical.com.ar\/notas\/var\/www\/html\/notas\/wp-content\/uploads\/2021\/01\/motochorro-detenido-en-Wilde.jpg\"><img loading=\"lazy\" decoding=\"async\" width=\"709\" height=\"688\" src=\"https:\/\/www.elsindical.com.ar\/notas\/var\/www\/html\/notas\/wp-content\/uploads\/2021\/01\/motochorro-detenido-en-Wilde.jpg\" alt=\"\" class=\"wp-image-101647\" srcset=\"https:\/\/www.elsindical.com.ar\/notas\/var\/www\/html\/notas\/wp-content\/uploads\/2021\/01\/motochorro-detenido-en-Wilde.jpg 709w, https:\/\/www.elsindical.com.ar\/notas\/var\/www\/html\/notas\/wp-content\/uploads\/2021\/01\/motochorro-detenido-en-Wilde-300x291.jpg 300w, https:\/\/www.elsindical.com.ar\/notas\/var\/www\/html\/notas\/wp-content\/uploads\/2021\/01\/motochorro-detenido-en-Wilde-309x300.jpg 309w, https:\/\/www.elsindical.com.ar\/notas\/var\/www\/html\/notas\/wp-content\/uploads\/2021\/01\/motochorro-detenido-en-Wilde-50x50.jpg 50w\" sizes=\"auto, (max-width: 709px) 100vw, 709px\" \/><\/a><\/figure>\n\n\n\n<p class=\"wp-block-paragraph\">Un hombre fue asaltado a la salida de un banco en la zona c\u00e9ntrica de la localidad bonaerense de Wilde en Avellaneda, y por el hecho fueron detenidos dos \u201cmotochorros\u201d de nacionalidad colombiana tras una persecuci\u00f3n policial en la que uno de los sospechosos pretendi\u00f3 escapar a bordo de un colectivo, informaron hoy fuentes de la fuerza de seguridad.<\/p>\n\n\n\n<p class=\"wp-block-paragraph\">Efectivos policiales que transitaban por la zona de Avenida Mitre y Raquel Espa\u00f1ol, en el centro de la mencionada localidad del sur del conurbano bonaerense, fueron alertados por vecinos de un intento de robo producido por \u201cmotochorros\u201d.<\/p>\n\n\n\n<p class=\"wp-block-paragraph\">Fuentes policiales indicaron que la v\u00edctima, un hombre que sal\u00eda de hacer un tr\u00e1mite bancario, fue abordada por dos \u201cmotochorros\u201d, quienes al verse cercados por la polic\u00eda comenzaron la fuga.<\/p>\n\n\n\n<p class=\"wp-block-paragraph\">Fuentes policiales se\u00f1alaron a T\u00e9lam que en ese momento, efectivos de la comisar\u00eda 5a. de Wilde iniciaron una persecuci\u00f3n por varias cuadras.<\/p>\n\n\n\n<p class=\"wp-block-paragraph\">En la intersecci\u00f3n de las calles Lartigau y Ram\u00f3n Franco, uno de los delincuentes descendi\u00f3 de la moto y subi\u00f3 a una unidad de la l\u00ednea 295, pero fue interceptado y detenido a las dos cuadras, frente a la estaci\u00f3n de trenes.<\/p>\n\n\n\n<p class=\"wp-block-paragraph\">En su poder le encontraron un tel\u00e9fono celular, el cual fue incautado, precisaron las fuentes.<\/p>\n\n\n\n<p class=\"wp-block-paragraph\">Por su parte, el conductor de la moto, modelo Yamaha MT03 300 negra, continu\u00f3 la fuga pero fue detenido tras chocar con un patrullero en las calles Bol\u00edvar y Raquel Espa\u00f1ol.<\/p>\n\n\n\n<p class=\"wp-block-paragraph\">Voceros policiales se\u00f1alaron que el joven ten\u00eda en su poder dos tel\u00e9fonos celulares y constataron que la moto ten\u00eda adulterada la patente.<\/p>\n\n\n\n<p class=\"wp-block-paragraph\">Los dos \u201cmotochorros\u201d, de 25 y 28 a\u00f1os y de nacionalidad colombiana, quedaron a disposici\u00f3n de la UFI 1 del Departamento Judicial de Avellaneda-Lan\u00fas, a cargo de Alejandra Olmos Coronel.<\/p>\n\n\n\n<p class=\"wp-block-paragraph\">La magistrada orden\u00f3 la aprehensi\u00f3n de ambos y calific\u00f3 al hecho como \u201cresistencia a la autoridad\u201d, ya que la v\u00edctima del robo no realiz\u00f3 la denuncia del mismo.<\/p>\n","protected":false},"excerpt":{"rendered":"<p>Un hombre fue asaltado a la salida de un banco en la zona c\u00e9ntrica de la localidad bonaerense de Wilde en Avellaneda, y por el hecho fueron detenidos dos \u201cmotochorros\u201d de nacionalidad colombiana tras una persecuci\u00f3n policial en la que uno de los sospechosos pretendi\u00f3 escapar a bordo de un colectivo, informaron hoy fuentes de&hellip;<\/p>\n","protected":false},"author":1,"featured_media":101647,"comment_status":"open","ping_status":"open","sticky":false,"template":"","format":"standard","meta":{"footnotes":""},"categories":[22],"tags":[461,2450,308,116,32890,32891,882],"class_list":["post-101646","post","type-post","status-publish","format-standard","has-post-thumbnail","hentry","category-policiales","tag-avellaneda","tag-diario-el-sindical","tag-motochorros","tag-robo","tag-superintendencia-region-amba-sur-i","tag-superintendente-javier-carlos-villar","tag-wilde"],"_links":{"self":[{"href":"https:\/\/www.elsindical.com.ar\/notas\/wp-json\/wp\/v2\/posts\/101646","targetHints":{"allow":["GET"]}}],"collection":[{"href":"https:\/\/www.elsindical.com.ar\/notas\/wp-json\/wp\/v2\/posts"}],"about":[{"href":"https:\/\/www.elsindical.com.ar\/notas\/wp-json\/wp\/v2\/types\/post"}],"author":[{"embeddable":true,"href":"https:\/\/www.elsindical.com.ar\/notas\/wp-json\/wp\/v2\/users\/1"}],"replies":[{"embeddable":true,"href":"https:\/\/www.elsindical.com.ar\/notas\/wp-json\/wp\/v2\/comments?post=101646"}],"version-history":[{"count":1,"href":"https:\/\/www.elsindical.com.ar\/notas\/wp-json\/wp\/v2\/posts\/101646\/revisions"}],"predecessor-version":[{"id":101648,"href":"https:\/\/www.elsindical.com.ar\/notas\/wp-json\/wp\/v2\/posts\/101646\/revisions\/101648"}],"wp:featuredmedia":[{"embeddable":true,"href":"https:\/\/www.elsindical.com.ar\/notas\/wp-json\/wp\/v2\/media\/101647"}],"wp:attachment":[{"href":"https:\/\/www.elsindical.com.ar\/notas\/wp-json\/wp\/v2\/media?parent=101646"}],"wp:term":[{"taxonomy":"category","embeddable":true,"href":"https:\/\/www.elsindical.com.ar\/notas\/wp-json\/wp\/v2\/categories?post=101646"},{"taxonomy":"post_tag","embeddable":true,"href":"https:\/\/www.elsindical.com.ar\/notas\/wp-json\/wp\/v2\/tags?post=101646"}],"curies":[{"name":"wp","href":"https:\/\/api.w.org\/{rel}","templated":true}]}}