{"id":101613,"date":"2021-01-13T00:34:08","date_gmt":"2021-01-13T03:34:08","guid":{"rendered":"https:\/\/www.elsindical.com.ar\/notas\/?p=101613"},"modified":"2021-01-13T00:34:09","modified_gmt":"2021-01-13T03:34:09","slug":"avellaneda-se-registraron-tres-muertes-y-mas-de-100-nuevos-casos-de-coronavirus","status":"publish","type":"post","link":"https:\/\/www.elsindical.com.ar\/notas\/avellaneda-se-registraron-tres-muertes-y-mas-de-100-nuevos-casos-de-coronavirus\/","title":{"rendered":"Avellaneda: Se registraron tres muertes y m\u00e1s de 100 nuevos casos de Coronavirus"},"content":{"rendered":"\n<figure class=\"wp-block-image size-large\"><a href=\"https:\/\/www.elsindical.com.ar\/notas\/var\/www\/html\/notas\/wp-content\/uploads\/2021\/01\/muertes-y-contagios-Avell-12-enero.jpg\"><img loading=\"lazy\" decoding=\"async\" width=\"1024\" height=\"1024\" src=\"https:\/\/www.elsindical.com.ar\/notas\/var\/www\/html\/notas\/wp-content\/uploads\/2021\/01\/muertes-y-contagios-Avell-12-enero-1024x1024.jpg\" alt=\"\" class=\"wp-image-101614\" srcset=\"https:\/\/www.elsindical.com.ar\/notas\/var\/www\/html\/notas\/wp-content\/uploads\/2021\/01\/muertes-y-contagios-Avell-12-enero-1024x1024.jpg 1024w, https:\/\/www.elsindical.com.ar\/notas\/var\/www\/html\/notas\/wp-content\/uploads\/2021\/01\/muertes-y-contagios-Avell-12-enero-300x300.jpg 300w, https:\/\/www.elsindical.com.ar\/notas\/var\/www\/html\/notas\/wp-content\/uploads\/2021\/01\/muertes-y-contagios-Avell-12-enero-150x150.jpg 150w, https:\/\/www.elsindical.com.ar\/notas\/var\/www\/html\/notas\/wp-content\/uploads\/2021\/01\/muertes-y-contagios-Avell-12-enero-768x768.jpg 768w, https:\/\/www.elsindical.com.ar\/notas\/var\/www\/html\/notas\/wp-content\/uploads\/2021\/01\/muertes-y-contagios-Avell-12-enero-50x50.jpg 50w, https:\/\/www.elsindical.com.ar\/notas\/var\/www\/html\/notas\/wp-content\/uploads\/2021\/01\/muertes-y-contagios-Avell-12-enero.jpg 1200w\" sizes=\"auto, (max-width: 1024px) 100vw, 1024px\" \/><\/a><\/figure>\n\n\n\n<p>Lo inform\u00f3 el Ministerio de Salud bonaerense. En el distrito ya fueron vacunadas m\u00e1s de 1.400 vecinos.<\/p>\n\n\n\n<p>Otros tres vecinos de Avellaneda fallecieron por coronavirus en las \u00faltimas horas y adem\u00e1s se detectaron m\u00e1s de cien contagios inform\u00f3 el Ministerio de Salud de la provincia de Buenos Aires.<\/p>\n\n\n\n<p>En la actualizaci\u00f3n de este martes de la \u201csala de situaci\u00f3n\u201d que publica la cartera sanitaria bonaerense, tambi\u00e9n se indic\u00f3 que suman 1.411 los residentes del distrito vacunados.<\/p>\n\n\n\n<p>En tanto, ya son 744 los fallecidos y con 106 nuevos casos, ascendieron a 19.912 los contagiados. Adem\u00e1s, los vecinos que fueron dados de alta totalizan 17.312 y los testeados 51.226.<\/p>\n\n\n\n<p>En cuanto a la clasificaci\u00f3n epidemiol\u00f3gica, el 72,3 por ciento de los contagios fueron por transmisi\u00f3n comunitaria, 14,3 por ciento por contacto, 8,5 por ciento de los casos est\u00e1n en investigaci\u00f3n, 4,6 por ciento corresponden a trabajadores de la salud y 0,3 por ciento fueron casos importados.<\/p>\n","protected":false},"excerpt":{"rendered":"<p>Lo inform\u00f3 el Ministerio de Salud bonaerense. En el distrito ya fueron vacunadas m\u00e1s de 1.400 vecinos. Otros tres vecinos de Avellaneda fallecieron por coronavirus en las \u00faltimas horas y adem\u00e1s se detectaron m\u00e1s de cien contagios inform\u00f3 el Ministerio de Salud de la provincia de Buenos Aires. En la actualizaci\u00f3n de este martes de&hellip;<\/p>\n","protected":false},"author":1,"featured_media":101614,"comment_status":"open","ping_status":"open","sticky":false,"template":"","format":"standard","meta":{"footnotes":""},"categories":[23],"tags":[461,19938,32346,32627,2450,134,22031],"class_list":["post-101613","post","type-post","status-publish","format-standard","has-post-thumbnail","hentry","category-salud","tag-avellaneda","tag-contagios","tag-coronavirus","tag-covid-19","tag-diario-el-sindical","tag-muertes","tag-salud"],"_links":{"self":[{"href":"https:\/\/www.elsindical.com.ar\/notas\/wp-json\/wp\/v2\/posts\/101613","targetHints":{"allow":["GET"]}}],"collection":[{"href":"https:\/\/www.elsindical.com.ar\/notas\/wp-json\/wp\/v2\/posts"}],"about":[{"href":"https:\/\/www.elsindical.com.ar\/notas\/wp-json\/wp\/v2\/types\/post"}],"author":[{"embeddable":true,"href":"https:\/\/www.elsindical.com.ar\/notas\/wp-json\/wp\/v2\/users\/1"}],"replies":[{"embeddable":true,"href":"https:\/\/www.elsindical.com.ar\/notas\/wp-json\/wp\/v2\/comments?post=101613"}],"version-history":[{"count":1,"href":"https:\/\/www.elsindical.com.ar\/notas\/wp-json\/wp\/v2\/posts\/101613\/revisions"}],"predecessor-version":[{"id":101615,"href":"https:\/\/www.elsindical.com.ar\/notas\/wp-json\/wp\/v2\/posts\/101613\/revisions\/101615"}],"wp:featuredmedia":[{"embeddable":true,"href":"https:\/\/www.elsindical.com.ar\/notas\/wp-json\/wp\/v2\/media\/101614"}],"wp:attachment":[{"href":"https:\/\/www.elsindical.com.ar\/notas\/wp-json\/wp\/v2\/media?parent=101613"}],"wp:term":[{"taxonomy":"category","embeddable":true,"href":"https:\/\/www.elsindical.com.ar\/notas\/wp-json\/wp\/v2\/categories?post=101613"},{"taxonomy":"post_tag","embeddable":true,"href":"https:\/\/www.elsindical.com.ar\/notas\/wp-json\/wp\/v2\/tags?post=101613"}],"curies":[{"name":"wp","href":"https:\/\/api.w.org\/{rel}","templated":true}]}}