{"id":101609,"date":"2021-01-13T00:29:26","date_gmt":"2021-01-13T03:29:26","guid":{"rendered":"https:\/\/www.elsindical.com.ar\/notas\/?p=101609"},"modified":"2021-01-13T00:29:27","modified_gmt":"2021-01-13T03:29:27","slug":"avellaneda-a-27-anos-se-renovo-el-reclamo-de-justicia-y-se-senalizo-el-lugar-donde-ocurrio-la-masacre-de-wilde","status":"publish","type":"post","link":"https:\/\/www.elsindical.com.ar\/notas\/avellaneda-a-27-anos-se-renovo-el-reclamo-de-justicia-y-se-senalizo-el-lugar-donde-ocurrio-la-masacre-de-wilde\/","title":{"rendered":"Avellaneda: A 27 a\u00f1os, se renov\u00f3 el reclamo de justicia y se se\u00f1aliz\u00f3 el lugar donde ocurri\u00f3 la Masacre de Wilde"},"content":{"rendered":"\n<figure class=\"wp-block-image size-large\"><a href=\"https:\/\/www.elsindical.com.ar\/notas\/var\/www\/html\/notas\/wp-content\/uploads\/2021\/01\/senalizacion-Masacre-de-Wilde.jpg\"><img loading=\"lazy\" decoding=\"async\" width=\"716\" height=\"480\" src=\"https:\/\/www.elsindical.com.ar\/notas\/var\/www\/html\/notas\/wp-content\/uploads\/2021\/01\/senalizacion-Masacre-de-Wilde.jpg\" alt=\"\" class=\"wp-image-101610\" srcset=\"https:\/\/www.elsindical.com.ar\/notas\/var\/www\/html\/notas\/wp-content\/uploads\/2021\/01\/senalizacion-Masacre-de-Wilde.jpg 716w, https:\/\/www.elsindical.com.ar\/notas\/var\/www\/html\/notas\/wp-content\/uploads\/2021\/01\/senalizacion-Masacre-de-Wilde-300x201.jpg 300w, https:\/\/www.elsindical.com.ar\/notas\/var\/www\/html\/notas\/wp-content\/uploads\/2021\/01\/senalizacion-Masacre-de-Wilde-448x300.jpg 448w\" sizes=\"auto, (max-width: 716px) 100vw, 716px\" \/><\/a><\/figure>\n\n\n\n<p>En un emotivo acto, a 27 a\u00f1os de la Masacre de Wilde, fue descubierto este martes un cartel de se\u00f1alizaci\u00f3n del lugar en donde ocurri\u00f3 ese hecho en el que fueron asesinados cuatros hombre, y por el que deben ser juzgados 8 ex polic\u00edas bonaerenses. La ceremonia fue encabezada por el secretario de Derechos Humanos de la Naci\u00f3n, Horacio Pietragalla, y estuvieron presentes familiares de dos de las v\u00edctimas.<\/p>\n\n\n\n<p>El acto se desarroll\u00f3 en la esquina de las avenidas Franco y Mitre, en Wilde, partido de Avellaneda, donde ocurri\u00f3 la Masacre, el 10 de enero de 1994. Tambi\u00e9n participaron de la ceremonia el intendente de Avellaneda, Alejo Chornobroff, Matias Moreno, subsecretario de Derechos Humanos de la Provincia, Mariano Przybylski, Director Nacional de Pol\u00edticas contra la Violencia Institucional, Raquel Gazzanego, viuda de Edgardo Cicut\u00edn, Patricia De \u00c1ngelis, viuda de Norberto Corbo, y Ciro Annichiarico, abogado de la familia Gazzanego.<\/p>\n\n\n\n<p>En la Masacre de Wilde, un grupo de polic\u00edas de la ex Brigada de Investigaciones de Avellaneda mat\u00f3 a Edgardo Cicut\u00edn, librero, que se movilizaba junto a un compa\u00f1ero de trabajo en un Dodge 1500, y a Edgardo Corbo, Claudio Mendoza y H\u00e9ctor Bielsa que iban en un Peugeot 405. Los polic\u00edas nunca pudieron explicar su accionar. La causa se reactiv\u00f3 hace 7 a\u00f1os y hace 5 que se espera que el Tribunal Oral en Criminal (TOC) 3 de Lomas de Zamora realice la audiencia preliminar al juicio oral.<\/p>\n\n\n\n<p>En el inicio, se descubri\u00f3 el cartel de se\u00f1alizaci\u00f3n de la Masacre, con la foto de dos de las v\u00edctimas: Edgardo Cicut\u00edn y Norberto Corbo.<\/p>\n\n\n\n<p>\u201cEstamos acompa\u00f1ando a los familiares en el reclamo de justicia y esperamos que en el pr\u00f3ximo aniversario ya se haya hecho la audiencia preliminar al juicio que est\u00e1 pendiente\u201d, expres\u00f3 el intendente de Avellaneda.<\/p>\n\n\n\n<p>\u201cNos hemos dado la estrategia a nivel municipal y capacitamos a miles de j\u00f3venes para que conozcan sus derechos y obligaciones. Esta articulaci\u00f3n entre Derechos Humanos y Seguridad creemos que permite prevenir masacres como estas\u201d, agreg\u00f3 Chornobroff.<\/p>\n\n\n\n<p>Por su parte, Mat\u00edas Moreno, sostuvo que \u201cla demanda permanente de familiares y organismos de derechos humanos han logrado que en muchos casos impunes haya memoria, verdad y justicia\u201d, y llam\u00f3 a \u201cescribir entre todos un Nunca M\u00e1s a la violencia institucional\u201d.<\/p>\n\n\n\n<p>Uno de los momentos m\u00e1s emotivos fue el que generaron las palabras de Raquel Gazzanego, viuda del librero asesinado, Edgardo Cicut\u00edn, record\u00f3 que la Brigada de Investigaciones de Lan\u00fas funcion\u00f3 durante la \u00faltima dictadura c\u00edvico-militar como un centro<br>clandestino de detenci\u00f3n.<\/p>\n\n\n\n<p>\u201cLa Masacre de Wide fue un crimen de lesa humanidad, y si la causa hoy est\u00e1 abierta es por jueces como Silvia Gonz\u00e1lez y Gabriel Vitale. Gonz\u00e1lez tuvo el coraje de detener a los polic\u00edas que participaron de este hecho, y Vitale fue quien reactiv\u00f3 el expediente y logr\u00f3 la detenci\u00f3n del pr\u00f3fugo Marcos Rodr\u00edguez\u201d, detall\u00f3<\/p>\n\n\n\n<p>Gazzanego denunci\u00f3 que \u201cla connivencia judicial, policial y pol\u00edtica para que haya impunidad se mantiene intacta\u201d. Y subray\u00f3 que los polic\u00edas \u201csalieron de la Brigada sabiendo qu\u00e9 iban a hacer\u201d.<\/p>\n\n\n\n<p>En tanto, expres\u00f3 que a Edgardo Cicut\u00edn le quitaron la posibilidad de \u201ccriar a sus hijos y disfrutar de sus nietos, por eso pedimos justa justicia y c\u00e1rcel a los culpables de la Masacre de Wlde\u201d.<\/p>\n\n\n\n<p>Patricia De \u00c1ngelis agradeci\u00f3 a los jueces Vitale y Gonz\u00e1lez, y a la Secretar\u00eda de Derechos Humanos de la Naci\u00f3n por el apoyo en el reclamo de justicia.<\/p>\n\n\n\n<p>A su turno, Claudio D\u00edaz, \u00fanico sobreviviente de la Masacre, record\u00f3 que en todo el proceso solo una vez lo llamaron a declarar. \u201cPerd\u00ed la confianza y la creencia en todo. Les pido que me ayuden a creer que hay justicia\u201d, pidi\u00f3.<\/p>\n\n\n\n<p>Ciro Annichiarico, abogado de Raquel Gazzanego, destac\u00f3 la lucha de los familiares de las v\u00edctimas de la causa y el fallo de la Suprema Corte que habilit\u00f3 la reactivaci\u00f3n del caso. \u201cLa negaci\u00f3n de justicia es una nueva violaci\u00f3n a los derechos humanos\u201d, advirti\u00f3.<\/p>\n\n\n\n<p>Por su parte, el secretario de Derechos Humanos de la Naci\u00f3n, Horacio Piettragalla, destac\u00f3 que con la se\u00f1alizaci\u00f3n \u201clos vecinos de Avellaneda ver\u00e1n que la Masacre de Wilde tiene caras\u201d, y record\u00f3 su enojo al enterarse que la causa a\u00fan no hab\u00eda llegado a juicio.<br>\u201cUn caso que queda impune, es un potencial nuevo caso de violencia institucional. Esta es un problem\u00e1tica a la que hay que ponerle el cuerpo, visibilizar e interpelar\u201d, plante\u00f3 Pietragalla.<\/p>\n\n\n\n<p>En tanto, el funcionario revel\u00f3 que la Secretar\u00eda de Derechos Humanos recibi\u00f3 d\u00edas atr\u00e1s una carta documento de abogados de los ex polic\u00edas imputados para que no se realizara la se\u00f1alizaci\u00f3n de la Masacre. \u201cObviamente, no hicimos caso al planteo y aqu\u00ed estamos porque queremos que se haga justicia\u201d, afirm\u00f3.<\/p>\n\n\n\n<p>Finalmente, llam\u00f3 a no perder la esperanza. \u201cLos hijos de desaparecidos tuvimos que esperar m\u00e1s de 30 a\u00f1os para tener justicia, y la Madres y Abuelas nos marcaron el camino de lucha\u201d, destac\u00f3 Pietragalla.<\/p>\n\n\n\n<figure class=\"wp-block-image size-large\"><a href=\"https:\/\/www.elsindical.com.ar\/notas\/var\/www\/html\/notas\/wp-content\/uploads\/2021\/01\/senalizacion-Masacre-de-Wilde-2.jpg\"><img loading=\"lazy\" decoding=\"async\" width=\"718\" height=\"478\" src=\"https:\/\/www.elsindical.com.ar\/notas\/var\/www\/html\/notas\/wp-content\/uploads\/2021\/01\/senalizacion-Masacre-de-Wilde-2.jpg\" alt=\"\" class=\"wp-image-101611\" srcset=\"https:\/\/www.elsindical.com.ar\/notas\/var\/www\/html\/notas\/wp-content\/uploads\/2021\/01\/senalizacion-Masacre-de-Wilde-2.jpg 718w, https:\/\/www.elsindical.com.ar\/notas\/var\/www\/html\/notas\/wp-content\/uploads\/2021\/01\/senalizacion-Masacre-de-Wilde-2-300x200.jpg 300w, https:\/\/www.elsindical.com.ar\/notas\/var\/www\/html\/notas\/wp-content\/uploads\/2021\/01\/senalizacion-Masacre-de-Wilde-2-451x300.jpg 451w\" sizes=\"auto, (max-width: 718px) 100vw, 718px\" \/><\/a><\/figure>\n","protected":false},"excerpt":{"rendered":"<p>En un emotivo acto, a 27 a\u00f1os de la Masacre de Wilde, fue descubierto este martes un cartel de se\u00f1alizaci\u00f3n del lugar en donde ocurri\u00f3 ese hecho en el que fueron asesinados cuatros hombre, y por el que deben ser juzgados 8 ex polic\u00edas bonaerenses. La ceremonia fue encabezada por el secretario de Derechos Humanos&hellip;<\/p>\n","protected":false},"author":1,"featured_media":101610,"comment_status":"open","ping_status":"open","sticky":false,"template":"","format":"standard","meta":{"footnotes":""},"categories":[8],"tags":[461,22022,2450,17586],"class_list":["post-101609","post","type-post","status-publish","format-standard","has-post-thumbnail","hentry","category-derechos-humanos","tag-avellaneda","tag-derechos-humanos","tag-diario-el-sindical","tag-masacre-de-wilde"],"_links":{"self":[{"href":"https:\/\/www.elsindical.com.ar\/notas\/wp-json\/wp\/v2\/posts\/101609","targetHints":{"allow":["GET"]}}],"collection":[{"href":"https:\/\/www.elsindical.com.ar\/notas\/wp-json\/wp\/v2\/posts"}],"about":[{"href":"https:\/\/www.elsindical.com.ar\/notas\/wp-json\/wp\/v2\/types\/post"}],"author":[{"embeddable":true,"href":"https:\/\/www.elsindical.com.ar\/notas\/wp-json\/wp\/v2\/users\/1"}],"replies":[{"embeddable":true,"href":"https:\/\/www.elsindical.com.ar\/notas\/wp-json\/wp\/v2\/comments?post=101609"}],"version-history":[{"count":1,"href":"https:\/\/www.elsindical.com.ar\/notas\/wp-json\/wp\/v2\/posts\/101609\/revisions"}],"predecessor-version":[{"id":101612,"href":"https:\/\/www.elsindical.com.ar\/notas\/wp-json\/wp\/v2\/posts\/101609\/revisions\/101612"}],"wp:featuredmedia":[{"embeddable":true,"href":"https:\/\/www.elsindical.com.ar\/notas\/wp-json\/wp\/v2\/media\/101610"}],"wp:attachment":[{"href":"https:\/\/www.elsindical.com.ar\/notas\/wp-json\/wp\/v2\/media?parent=101609"}],"wp:term":[{"taxonomy":"category","embeddable":true,"href":"https:\/\/www.elsindical.com.ar\/notas\/wp-json\/wp\/v2\/categories?post=101609"},{"taxonomy":"post_tag","embeddable":true,"href":"https:\/\/www.elsindical.com.ar\/notas\/wp-json\/wp\/v2\/tags?post=101609"}],"curies":[{"name":"wp","href":"https:\/\/api.w.org\/{rel}","templated":true}]}}