{"id":10156,"date":"2010-10-11T16:16:52","date_gmt":"2010-10-11T19:16:52","guid":{"rendered":"http:\/\/www.elsindical.com.ar\/notas\/?p=10156"},"modified":"2010-10-11T16:16:52","modified_gmt":"2010-10-11T19:16:52","slug":"san-vicentehallaron-el-cuerpo-de-fernanda-lemos-y-detuvieron-al-esposo","status":"publish","type":"post","link":"https:\/\/www.elsindical.com.ar\/notas\/san-vicentehallaron-el-cuerpo-de-fernanda-lemos-y-detuvieron-al-esposo\/","title":{"rendered":"San Vicente:Hallaron el cuerpo de Fernanda Lemos y detuvieron al esposo"},"content":{"rendered":"<p style=\"text-align: justify;\"><em><a href=\"http:\/\/www.elsindical.com.ar\/notas\/var\/www\/html\/notas\/wp-content\/uploads\/2010\/10\/Fernanda-Lemos.jpg\"><img loading=\"lazy\" decoding=\"async\" class=\"alignleft size-medium wp-image-10007\" title=\"Fernanda-Lemos\" src=\"http:\/\/www.elsindical.com.ar\/notas\/var\/www\/html\/notas\/wp-content\/uploads\/2010\/10\/Fernanda-Lemos-300x241.jpg\" alt=\"\" width=\"300\" height=\"241\" srcset=\"https:\/\/www.elsindical.com.ar\/notas\/var\/www\/html\/notas\/wp-content\/uploads\/2010\/10\/Fernanda-Lemos-300x241.jpg 300w, https:\/\/www.elsindical.com.ar\/notas\/var\/www\/html\/notas\/wp-content\/uploads\/2010\/10\/Fernanda-Lemos.jpg 320w\" sizes=\"auto, (max-width: 300px) 100vw, 300px\" \/><\/a>La joven, que\u00a0era buscada desde\u00a0el 28 de septiembre, fue hallada sin vida a un costado de\u00a0la ruta 58, a la altura de San Vicente. El crimen fue cometido el mismo d\u00eda de la desaparici\u00f3n.<\/em><\/p>\n<p style=\"text-align: justify;\">La Polic\u00eda hall\u00f3 esta tarde el cad\u00e1ver de Fernanda Lemos en San Vicente. Se trata de la joven de 28 a\u00f1os que era buscada desde el 28 de septiembre, y su esposo\u00a0qued\u00f3\u00a0detenido poco despu\u00e9s, luego de haber confesado que la mat\u00f3.<\/p>\n<p style=\"text-align: justify;\"><strong>El hombre, llamado Gerardo Demchuk, seg\u00fan trascendi\u00f3 en forma extraoficial, \u00a0habr\u00eda admitido que la asfixi\u00f3 el mismo d\u00eda que denunci\u00f3 su desaparici\u00f3n.<\/strong><br \/>\n<strong><\/strong>\u00a0<br \/>\n<strong>El cuerpo fue hallado en la Ruta 58, a la altura de la localidad bonaerense de San Vicente. En el lugar se hicieron presentes peritos\u00a0de la Polic\u00eda Cient\u00edfica y la madre de la v\u00edctima, junto a otros familiares.<\/strong><br \/>\n<strong><\/strong><br \/>\n<strong>El cad\u00e1ver fue retirado del lugar poco antes de las 15:50 y llevado a la Morgue Judicial de la zona, para realizarle una autopsia.<\/strong><br \/>\n\u00a0<br \/>\nFernanda Lemos hab\u00eda desaparecido el 28 de septiembre pasado despu\u00e9s de discutir con su pareja, seg\u00fan el hombre, por el pago de una boleta de gas.<\/p>\n","protected":false},"excerpt":{"rendered":"<p>La joven, que\u00a0era buscada desde\u00a0el 28 de septiembre, fue hallada sin vida a un costado de\u00a0la ruta 58, a la altura de San Vicente. El crimen fue cometido el mismo d\u00eda de la desaparici\u00f3n. La Polic\u00eda hall\u00f3 esta tarde el cad\u00e1ver de Fernanda Lemos en San Vicente. Se trata de la joven de 28 a\u00f1os&hellip;<\/p>\n","protected":false},"author":1,"featured_media":0,"comment_status":"open","ping_status":"open","sticky":false,"template":"","format":"standard","meta":{"footnotes":""},"categories":[22],"tags":[1048,176,4817,4895,323,2406,3988,3736],"class_list":["post-10156","post","type-post","status-publish","format-standard","hentry","category-policiales","tag-asesinada","tag-esposo","tag-fernanda-lemos","tag-german-demchuk","tag-joven","tag-morgue","tag-policia-cientifica","tag-san-vicente"],"_links":{"self":[{"href":"https:\/\/www.elsindical.com.ar\/notas\/wp-json\/wp\/v2\/posts\/10156","targetHints":{"allow":["GET"]}}],"collection":[{"href":"https:\/\/www.elsindical.com.ar\/notas\/wp-json\/wp\/v2\/posts"}],"about":[{"href":"https:\/\/www.elsindical.com.ar\/notas\/wp-json\/wp\/v2\/types\/post"}],"author":[{"embeddable":true,"href":"https:\/\/www.elsindical.com.ar\/notas\/wp-json\/wp\/v2\/users\/1"}],"replies":[{"embeddable":true,"href":"https:\/\/www.elsindical.com.ar\/notas\/wp-json\/wp\/v2\/comments?post=10156"}],"version-history":[{"count":1,"href":"https:\/\/www.elsindical.com.ar\/notas\/wp-json\/wp\/v2\/posts\/10156\/revisions"}],"predecessor-version":[{"id":10157,"href":"https:\/\/www.elsindical.com.ar\/notas\/wp-json\/wp\/v2\/posts\/10156\/revisions\/10157"}],"wp:attachment":[{"href":"https:\/\/www.elsindical.com.ar\/notas\/wp-json\/wp\/v2\/media?parent=10156"}],"wp:term":[{"taxonomy":"category","embeddable":true,"href":"https:\/\/www.elsindical.com.ar\/notas\/wp-json\/wp\/v2\/categories?post=10156"},{"taxonomy":"post_tag","embeddable":true,"href":"https:\/\/www.elsindical.com.ar\/notas\/wp-json\/wp\/v2\/tags?post=10156"}],"curies":[{"name":"wp","href":"https:\/\/api.w.org\/{rel}","templated":true}]}}