{"id":101473,"date":"2021-01-07T09:47:31","date_gmt":"2021-01-07T12:47:31","guid":{"rendered":"https:\/\/www.elsindical.com.ar\/notas\/?p=101473"},"modified":"2021-01-07T09:47:32","modified_gmt":"2021-01-07T12:47:32","slug":"lanus-violento-robo-a-mujeres-la-policia-detiene-la-fiscal-libera-al-delincuente","status":"publish","type":"post","link":"https:\/\/www.elsindical.com.ar\/notas\/lanus-violento-robo-a-mujeres-la-policia-detiene-la-fiscal-libera-al-delincuente\/","title":{"rendered":"Lan\u00fas: Violento robo a mujeres, la polic\u00eda detiene, la fiscal libera al delincuente"},"content":{"rendered":"\n<figure class=\"wp-block-image size-large\"><a href=\"https:\/\/www.elsindical.com.ar\/notas\/var\/www\/html\/notas\/wp-content\/uploads\/2021\/01\/robo-a-mujeres-en-Lanus.jpg\"><img loading=\"lazy\" decoding=\"async\" width=\"640\" height=\"360\" src=\"https:\/\/www.elsindical.com.ar\/notas\/var\/www\/html\/notas\/wp-content\/uploads\/2021\/01\/robo-a-mujeres-en-Lanus.jpg\" alt=\"\" class=\"wp-image-101474\" srcset=\"https:\/\/www.elsindical.com.ar\/notas\/var\/www\/html\/notas\/wp-content\/uploads\/2021\/01\/robo-a-mujeres-en-Lanus.jpg 640w, https:\/\/www.elsindical.com.ar\/notas\/var\/www\/html\/notas\/wp-content\/uploads\/2021\/01\/robo-a-mujeres-en-Lanus-300x169.jpg 300w, https:\/\/www.elsindical.com.ar\/notas\/var\/www\/html\/notas\/wp-content\/uploads\/2021\/01\/robo-a-mujeres-en-Lanus-500x281.jpg 500w, https:\/\/www.elsindical.com.ar\/notas\/var\/www\/html\/notas\/wp-content\/uploads\/2021\/01\/robo-a-mujeres-en-Lanus-460x260.jpg 460w\" sizes=\"auto, (max-width: 640px) 100vw, 640px\" \/><\/a><\/figure>\n\n\n\n<p>   Unas j\u00f3venes mujeres fueron v\u00edctimas de un violento robo en la v\u00eda p\u00fablica cometido por tres motochorros que las amenazaron con armas de fuego y adem\u00e1s las golpearon con violencia frente al hijo de una de ellas de tan solo 2 a\u00f1os de edad.<\/p>\n\n\n\n<p>El hecho ocurri\u00f3 en el partido de Lan\u00fas, que viene registrando un elevado caso de robos cometidos por menores que siempre son entregados a sus padres en una clara incoherencia judicial, que parece no advertir que ese menor delinque por responsabilidad de sus progenitores que no se ocupan de corregir y educar.<\/p>\n\n\n\n<p>Tres mujeres y un menor caminaban por\u00a0Lan\u00fas a las 14:00 horas, cuando tres motochorros las asaltaron y pegaron.<\/p>\n\n\n\n<p>Ante el terror, dos de ellas corrieron hacia un lado y&nbsp;la tercera huy\u00f3 en sentido contrario. El nene, de 2 a\u00f1os, qued\u00f3 parado sin saber qu\u00e9 hacer.<\/p>\n\n\n\n<p>Fue el testigo directo del ataque a su mam\u00e1 y su abuela, quien termin\u00f3 llena de hematomas.<\/p>\n\n\n\n<p>\u00abMe critican en las redes sociales. Pero qued\u00e9 en shock, corr\u00ed y evit\u00e9 que mataran a mi mam\u00e1. No me di cuenta que Francesco qued\u00f3 solo\u00bb, relat\u00f3 esta ma\u00f1ana la madre del menor entre l\u00e1grimas y arrepentida de su reacci\u00f3n.<\/p>\n\n\n\n<p>La joven, que es mam\u00e1 soltera, trabaja en una casa de comidas. Ayer se dedic\u00f3 a hacer la denuncia y atender a su madre, muy lastimada por el ataque de los delincuentes.<\/p>\n\n\n\n<p>\u00abLa moto apareci\u00f3 despu\u00e9s pero nadie se hace cargo. Solo me critican\u00bb, se quej\u00f3 acongojada y a\u00fan en shock por el mal momento.<\/p>\n\n\n\n<p>En las \u00faltimas horas fue detenido un menor de 15 a\u00f1os -luego restituido a sus padres-, quien era el conductor de la moto con la que se mov\u00edan los asaltantes.<\/p>\n\n\n\n<p>Al momento de la detenci\u00f3n el adolescente estaba vestido con el mismo buzo del video.<\/p>\n\n\n\n<p>Por decisi\u00f3n de la Fiscal de responsabilidad juvenil Andrea Rodr\u00edguez Bagnara, el menor fue entregado a sus padres sin imponerles ning\u00fan tipo de reglas de conducta o seguimiento del mismo, en un ejemplo de lo que se llama \u00abla puerta giratoria\u00bb, la reiteraci\u00f3n de estas medidas adoptadas alegremente por los fiscales, hace pensar en que no tiene sentido alguno el fuero de responsabilidad juvenil creado justamente para tratar y juzgar este tipo de delitos y delincuentes, mientras parece que el Procurador General de la provincia de Buenos Aires Conte Grand se hace el distra\u00eddo.<\/p>\n\n\n\n<figure class=\"wp-block-embed is-type-video is-provider-youtube wp-block-embed-youtube wp-embed-aspect-16-9 wp-has-aspect-ratio\"><div class=\"wp-block-embed__wrapper\">\n<iframe loading=\"lazy\" title=\"Un NENE qued\u00f3 en medio DE UN ATAQUE DE MOTOCHORROS - Buen Telefe\" width=\"700\" height=\"394\" src=\"https:\/\/www.youtube.com\/embed\/FpJJc8ci8xo?feature=oembed\" frameborder=\"0\" allow=\"accelerometer; autoplay; clipboard-write; encrypted-media; gyroscope; picture-in-picture\" allowfullscreen><\/iframe>\n<\/div><\/figure>\n\n\n\n<div class=\"wp-block-image\"><figure class=\"aligncenter size-large\"><a href=\"https:\/\/www.elsindical.com.ar\/notas\/var\/www\/html\/notas\/wp-content\/uploads\/2021\/01\/djaiaos.jpg\"><img loading=\"lazy\" decoding=\"async\" width=\"350\" height=\"461\" src=\"https:\/\/www.elsindical.com.ar\/notas\/var\/www\/html\/notas\/wp-content\/uploads\/2021\/01\/djaiaos.jpg\" alt=\"\" class=\"wp-image-101475\" srcset=\"https:\/\/www.elsindical.com.ar\/notas\/var\/www\/html\/notas\/wp-content\/uploads\/2021\/01\/djaiaos.jpg 350w, https:\/\/www.elsindical.com.ar\/notas\/var\/www\/html\/notas\/wp-content\/uploads\/2021\/01\/djaiaos-228x300.jpg 228w\" sizes=\"auto, (max-width: 350px) 100vw, 350px\" \/><\/a><\/figure><\/div>\n","protected":false},"excerpt":{"rendered":"<p>Unas j\u00f3venes mujeres fueron v\u00edctimas de un violento robo en la v\u00eda p\u00fablica cometido por tres motochorros que las amenazaron con armas de fuego y adem\u00e1s las golpearon con violencia frente al hijo de una de ellas de tan solo 2 a\u00f1os de edad. El hecho ocurri\u00f3 en el partido de Lan\u00fas, que viene registrando&hellip;<\/p>\n","protected":false},"author":1,"featured_media":101474,"comment_status":"open","ping_status":"open","sticky":false,"template":"","format":"standard","meta":{"footnotes":""},"categories":[22],"tags":[2450,34059,209,223,308,32003,30917],"class_list":["post-101473","post","type-post","status-publish","format-standard","has-post-thumbnail","hentry","category-policiales","tag-diario-el-sindical","tag-fiscal-andrea-rodriguez-bagnara","tag-lanus","tag-menor","tag-motochorros","tag-procurador-general-julio-conte-grand","tag-robo-violento"],"_links":{"self":[{"href":"https:\/\/www.elsindical.com.ar\/notas\/wp-json\/wp\/v2\/posts\/101473","targetHints":{"allow":["GET"]}}],"collection":[{"href":"https:\/\/www.elsindical.com.ar\/notas\/wp-json\/wp\/v2\/posts"}],"about":[{"href":"https:\/\/www.elsindical.com.ar\/notas\/wp-json\/wp\/v2\/types\/post"}],"author":[{"embeddable":true,"href":"https:\/\/www.elsindical.com.ar\/notas\/wp-json\/wp\/v2\/users\/1"}],"replies":[{"embeddable":true,"href":"https:\/\/www.elsindical.com.ar\/notas\/wp-json\/wp\/v2\/comments?post=101473"}],"version-history":[{"count":1,"href":"https:\/\/www.elsindical.com.ar\/notas\/wp-json\/wp\/v2\/posts\/101473\/revisions"}],"predecessor-version":[{"id":101476,"href":"https:\/\/www.elsindical.com.ar\/notas\/wp-json\/wp\/v2\/posts\/101473\/revisions\/101476"}],"wp:featuredmedia":[{"embeddable":true,"href":"https:\/\/www.elsindical.com.ar\/notas\/wp-json\/wp\/v2\/media\/101474"}],"wp:attachment":[{"href":"https:\/\/www.elsindical.com.ar\/notas\/wp-json\/wp\/v2\/media?parent=101473"}],"wp:term":[{"taxonomy":"category","embeddable":true,"href":"https:\/\/www.elsindical.com.ar\/notas\/wp-json\/wp\/v2\/categories?post=101473"},{"taxonomy":"post_tag","embeddable":true,"href":"https:\/\/www.elsindical.com.ar\/notas\/wp-json\/wp\/v2\/tags?post=101473"}],"curies":[{"name":"wp","href":"https:\/\/api.w.org\/{rel}","templated":true}]}}