{"id":101447,"date":"2021-01-06T11:27:21","date_gmt":"2021-01-06T14:27:21","guid":{"rendered":"https:\/\/www.elsindical.com.ar\/notas\/?p=101447"},"modified":"2021-01-06T11:27:23","modified_gmt":"2021-01-06T14:27:23","slug":"con-duras-criticas-a-victoria-donda-renuncio-la-delegada-de-zona-sur-del-inadi","status":"publish","type":"post","link":"https:\/\/www.elsindical.com.ar\/notas\/con-duras-criticas-a-victoria-donda-renuncio-la-delegada-de-zona-sur-del-inadi\/","title":{"rendered":"Con duras cr\u00edticas a Victoria Donda, renunci\u00f3 la delegada de Zona Sur del INADI"},"content":{"rendered":"\n<figure class=\"wp-block-image size-large\"><a href=\"https:\/\/www.elsindical.com.ar\/notas\/var\/www\/html\/notas\/wp-content\/uploads\/2021\/01\/Paula-Montenegro-deleg-INADI.jpg\"><img loading=\"lazy\" decoding=\"async\" width=\"720\" height=\"644\" src=\"https:\/\/www.elsindical.com.ar\/notas\/var\/www\/html\/notas\/wp-content\/uploads\/2021\/01\/Paula-Montenegro-deleg-INADI.jpg\" alt=\"\" class=\"wp-image-101448\" srcset=\"https:\/\/www.elsindical.com.ar\/notas\/var\/www\/html\/notas\/wp-content\/uploads\/2021\/01\/Paula-Montenegro-deleg-INADI.jpg 720w, https:\/\/www.elsindical.com.ar\/notas\/var\/www\/html\/notas\/wp-content\/uploads\/2021\/01\/Paula-Montenegro-deleg-INADI-300x268.jpg 300w, https:\/\/www.elsindical.com.ar\/notas\/var\/www\/html\/notas\/wp-content\/uploads\/2021\/01\/Paula-Montenegro-deleg-INADI-335x300.jpg 335w\" sizes=\"auto, (max-width: 720px) 100vw, 720px\" \/><\/a><\/figure>\n\n\n\n<p class=\"wp-block-paragraph\">Paula Montenegro renunci\u00f3 a su cargo de delega de la Zona Sur del Conurbano, del &nbsp;Instituto Nacional contra la Discriminaci\u00f3n, la Xenofobia y el Racismo (NADI). Denunci\u00f3 &nbsp;\u201cconstantes maltratos y hostigamientos\u201d por parte de la titular del organismo, Victoria Donda.<\/p>\n\n\n\n<p class=\"wp-block-paragraph\">\u201cEl 2020 me encontr\u00f3 como a todxs enfrentando una pandemia que nos vino a dar vuelta el tablero. En ese contexto me toc\u00f3 asumir la responsabilidad de ser delegada de la zona sur del Conurbano del Instituto Nacional contra la Discriminaci\u00f3n, la Xenofobia y el Racismo, el INADI, cargo que enfrent\u00e9 con mucho entusiasmo, ilusiones y repsonsabilidad y al que hoy renuncio. Despu\u00e9s de cuatro a\u00f1os de gesti\u00f3n macrista el instituto estaba vaciado, menospreciado, sostenido por sus trabajadores y trabajadoras que intentaban defender con dignidad un instituto necesario y fundamental para una sociedad que quiere erradicar la violencia por causas de discriminaci\u00f3n en todas sus formas\u201d, explic\u00f3 en su renuncia.<\/p>\n\n\n\n<p class=\"wp-block-paragraph\">En tanto, destac\u00f3: \u201cDesde mi llegada al Instituto junto a Natalia L\u00f3pez, delegada de la provincia de Buenos Aires, y lxs trabajadorxs de las delegaciones bonaerenses, nos pusimos al hombro la tarea de hacer llegar el INADI a cada barrio. Acompa\u00f1amos los operativos DetectAR con la campa\u00f1a \u00b4Barrios sin discriminaci\u00f3n\u00b4, organizamos los Foros de la provincia de Buenos Aires para constituir un nuevo Plan Nacional contra la Discriminaci\u00f3n y con las oficinas cerradas continuamos la atenci\u00f3n a las denuncias que segu\u00edan ingresando\u201d.<\/p>\n\n\n\n<p class=\"wp-block-paragraph\">Montenegro apunt\u00f3 a la titular del INADI al destacar: \u201cDurante meses muy dif\u00edciles, poniendo el cuerpo a la pandemia y a la compleja situaci\u00f3n de nuestro pa\u00eds, nos dedicamos a hacer crecer el INADI, con pocos recursos y sin el acompa\u00f1amiento ni reconocimiento de la gesti\u00f3n central del Instituto sobre la base, adem\u00e1s, de constantes maltratos y hostigamientos por parte de la titular del organismo Victoria Donda. Quien, desde el desconocimiento del trabajo de las delegaciones, con formas violentas y sin argumentos, entorpeci\u00f3, desconoci\u00f3 y ningune\u00f3 el trabajo que se estaba llevando a cabo\u201d.<\/p>\n\n\n\n<p class=\"wp-block-paragraph\">La dirigente expres\u00f3 que tom\u00f3 la decisi\u00f3n de \u201cbuscar un nuevo espacio que permita construir esos sue\u00f1os colectivos que ponen en marcha nuestra raz\u00f3n de militar\u201d.<\/p>\n\n\n\n<p class=\"wp-block-paragraph\">\u201cEl nuevo a\u00f1o nos encuentra con nuevos retos, seguramente ser\u00e1 complejo pero lo enfrentaremos con responsabilidad, con compromiso, con militancia y amor por nuestro pueblo. Las transformaciones nunca llegan solas, se dan con una sociedad organizada, con una marea que conquista luchas en la calle, con los movimientos sociales en los espacios de decisi\u00f3n, y con un gobierno que busque poner en marcha el motor de la pol\u00edtica para conquistar siempre m\u00e1s derechos para las grandes mayor\u00edas. En este camino me encuentro hoy, le deseo a mis compa\u00f1erxs del INADI un a\u00f1o mucho mejor que el que tuvimos que atravesar y que las condiciones de trabajo mejoren pronto\u201d, finaliz\u00f3 Paula Montenegro.<\/p>\n","protected":false},"excerpt":{"rendered":"<p>Paula Montenegro renunci\u00f3 a su cargo de delega de la Zona Sur del Conurbano, del &nbsp;Instituto Nacional contra la Discriminaci\u00f3n, la Xenofobia y el Racismo (NADI). Denunci\u00f3 &nbsp;\u201cconstantes maltratos y hostigamientos\u201d por parte de la titular del organismo, Victoria Donda. \u201cEl 2020 me encontr\u00f3 como a todxs enfrentando una pandemia que nos vino a dar&hellip;<\/p>\n","protected":false},"author":1,"featured_media":101448,"comment_status":"open","ping_status":"open","sticky":false,"template":"","format":"standard","meta":{"footnotes":""},"categories":[13],"tags":[3464,2450,763,34052,4654],"class_list":["post-101447","post","type-post","status-publish","format-standard","has-post-thumbnail","hentry","category-politica","tag-delegada","tag-diario-el-sindical","tag-inadi","tag-paula-montenegro","tag-victoria-donda"],"_links":{"self":[{"href":"https:\/\/www.elsindical.com.ar\/notas\/wp-json\/wp\/v2\/posts\/101447","targetHints":{"allow":["GET"]}}],"collection":[{"href":"https:\/\/www.elsindical.com.ar\/notas\/wp-json\/wp\/v2\/posts"}],"about":[{"href":"https:\/\/www.elsindical.com.ar\/notas\/wp-json\/wp\/v2\/types\/post"}],"author":[{"embeddable":true,"href":"https:\/\/www.elsindical.com.ar\/notas\/wp-json\/wp\/v2\/users\/1"}],"replies":[{"embeddable":true,"href":"https:\/\/www.elsindical.com.ar\/notas\/wp-json\/wp\/v2\/comments?post=101447"}],"version-history":[{"count":1,"href":"https:\/\/www.elsindical.com.ar\/notas\/wp-json\/wp\/v2\/posts\/101447\/revisions"}],"predecessor-version":[{"id":101449,"href":"https:\/\/www.elsindical.com.ar\/notas\/wp-json\/wp\/v2\/posts\/101447\/revisions\/101449"}],"wp:featuredmedia":[{"embeddable":true,"href":"https:\/\/www.elsindical.com.ar\/notas\/wp-json\/wp\/v2\/media\/101448"}],"wp:attachment":[{"href":"https:\/\/www.elsindical.com.ar\/notas\/wp-json\/wp\/v2\/media?parent=101447"}],"wp:term":[{"taxonomy":"category","embeddable":true,"href":"https:\/\/www.elsindical.com.ar\/notas\/wp-json\/wp\/v2\/categories?post=101447"},{"taxonomy":"post_tag","embeddable":true,"href":"https:\/\/www.elsindical.com.ar\/notas\/wp-json\/wp\/v2\/tags?post=101447"}],"curies":[{"name":"wp","href":"https:\/\/api.w.org\/{rel}","templated":true}]}}