{"id":101397,"date":"2021-01-04T11:47:13","date_gmt":"2021-01-04T14:47:13","guid":{"rendered":"https:\/\/www.elsindical.com.ar\/notas\/?p=101397"},"modified":"2021-01-04T11:47:14","modified_gmt":"2021-01-04T14:47:14","slug":"avellaneda-se-detectaron-106-nuevos-casos-de-coronavirus","status":"publish","type":"post","link":"https:\/\/www.elsindical.com.ar\/notas\/avellaneda-se-detectaron-106-nuevos-casos-de-coronavirus\/","title":{"rendered":"Avellaneda: Se detectaron 106 nuevos casos de Coronavirus"},"content":{"rendered":"\n<figure class=\"wp-block-image size-large\"><a href=\"https:\/\/www.elsindical.com.ar\/notas\/var\/www\/html\/notas\/wp-content\/uploads\/2021\/01\/contagios-zona-sur-3-enero-2021.jpg\"><img loading=\"lazy\" decoding=\"async\" width=\"743\" height=\"531\" src=\"https:\/\/www.elsindical.com.ar\/notas\/var\/www\/html\/notas\/wp-content\/uploads\/2021\/01\/contagios-zona-sur-3-enero-2021.jpg\" alt=\"\" class=\"wp-image-101398\" srcset=\"https:\/\/www.elsindical.com.ar\/notas\/var\/www\/html\/notas\/wp-content\/uploads\/2021\/01\/contagios-zona-sur-3-enero-2021.jpg 743w, https:\/\/www.elsindical.com.ar\/notas\/var\/www\/html\/notas\/wp-content\/uploads\/2021\/01\/contagios-zona-sur-3-enero-2021-300x214.jpg 300w, https:\/\/www.elsindical.com.ar\/notas\/var\/www\/html\/notas\/wp-content\/uploads\/2021\/01\/contagios-zona-sur-3-enero-2021-420x300.jpg 420w\" sizes=\"auto, (max-width: 743px) 100vw, 743px\" \/><\/a><\/figure>\n\n\n\n<p class=\"wp-block-paragraph\">Lo inform\u00f3 el Ministerio de Salud de la provincia de Buenos Aires que adem\u00e1s confirm\u00f3 otro muerte.<\/p>\n\n\n\n<p class=\"wp-block-paragraph\">El Ministerio de Salud de la provincia de Buenos Aires report\u00f3 106 nuevos casos de coronavirus en Avellaneda en las \u00faltimas horas con lo que ascendieron a 19.126 los contagiados en el distrito desde el inicio de la pandemia.<\/p>\n\n\n\n<p class=\"wp-block-paragraph\">Seg\u00fan la \u00faltima actualizaci\u00f3n de la \u201csala de situaci\u00f3n\u201d que publica la cartera sanitaria bonaerense, tambi\u00e9n se registr\u00f3 otro deceso por lo que son 733 los fallecidos\u00a0y la tasa de letalidad en Avellaneda es 3,83 por ciento.<\/p>\n\n\n\n<p class=\"wp-block-paragraph\">El Ministerio de Salud indica que el 71,8 por ciento de los contagios fue por transmisi\u00f3n comunitaria, 14,7 por contacto estrecho con un infectado, 4,7 responde a trabajadores de la salud, hay un 0,3 por ciento de casos importados y un 8,6 en investigaci\u00f3n.<\/p>\n","protected":false},"excerpt":{"rendered":"<p>Lo inform\u00f3 el Ministerio de Salud de la provincia de Buenos Aires que adem\u00e1s confirm\u00f3 otro muerte. El Ministerio de Salud de la provincia de Buenos Aires report\u00f3 106 nuevos casos de coronavirus en Avellaneda en las \u00faltimas horas con lo que ascendieron a 19.126 los contagiados en el distrito desde el inicio de la&hellip;<\/p>\n","protected":false},"author":1,"featured_media":101398,"comment_status":"open","ping_status":"open","sticky":false,"template":"","format":"standard","meta":{"footnotes":""},"categories":[23],"tags":[461,19938,32346,32627,12549,22031],"class_list":["post-101397","post","type-post","status-publish","format-standard","has-post-thumbnail","hentry","category-salud","tag-avellaneda","tag-contagios","tag-coronavirus","tag-covid-19","tag-ministerio-de-salud-bonaerense","tag-salud"],"_links":{"self":[{"href":"https:\/\/www.elsindical.com.ar\/notas\/wp-json\/wp\/v2\/posts\/101397","targetHints":{"allow":["GET"]}}],"collection":[{"href":"https:\/\/www.elsindical.com.ar\/notas\/wp-json\/wp\/v2\/posts"}],"about":[{"href":"https:\/\/www.elsindical.com.ar\/notas\/wp-json\/wp\/v2\/types\/post"}],"author":[{"embeddable":true,"href":"https:\/\/www.elsindical.com.ar\/notas\/wp-json\/wp\/v2\/users\/1"}],"replies":[{"embeddable":true,"href":"https:\/\/www.elsindical.com.ar\/notas\/wp-json\/wp\/v2\/comments?post=101397"}],"version-history":[{"count":1,"href":"https:\/\/www.elsindical.com.ar\/notas\/wp-json\/wp\/v2\/posts\/101397\/revisions"}],"predecessor-version":[{"id":101399,"href":"https:\/\/www.elsindical.com.ar\/notas\/wp-json\/wp\/v2\/posts\/101397\/revisions\/101399"}],"wp:featuredmedia":[{"embeddable":true,"href":"https:\/\/www.elsindical.com.ar\/notas\/wp-json\/wp\/v2\/media\/101398"}],"wp:attachment":[{"href":"https:\/\/www.elsindical.com.ar\/notas\/wp-json\/wp\/v2\/media?parent=101397"}],"wp:term":[{"taxonomy":"category","embeddable":true,"href":"https:\/\/www.elsindical.com.ar\/notas\/wp-json\/wp\/v2\/categories?post=101397"},{"taxonomy":"post_tag","embeddable":true,"href":"https:\/\/www.elsindical.com.ar\/notas\/wp-json\/wp\/v2\/tags?post=101397"}],"curies":[{"name":"wp","href":"https:\/\/api.w.org\/{rel}","templated":true}]}}