{"id":101345,"date":"2021-01-01T21:48:21","date_gmt":"2021-01-02T00:48:21","guid":{"rendered":"https:\/\/www.elsindical.com.ar\/notas\/?p=101345"},"modified":"2021-01-01T21:48:22","modified_gmt":"2021-01-02T00:48:22","slug":"la-policia-encontro-en-caba-a-un-menor-que-se-fue-de-su-hogar-en-avellaneda","status":"publish","type":"post","link":"https:\/\/www.elsindical.com.ar\/notas\/la-policia-encontro-en-caba-a-un-menor-que-se-fue-de-su-hogar-en-avellaneda\/","title":{"rendered":"La polic\u00eda encontr\u00f3 en CABA  a un menor que se fue de su hogar en Avellaneda"},"content":{"rendered":"\n<div class=\"wp-block-image\"><figure class=\"aligncenter size-large\"><a href=\"https:\/\/www.elsindical.com.ar\/notas\/var\/www\/html\/notas\/wp-content\/uploads\/2021\/01\/busqueda-Santiago-diario.jpg\"><img loading=\"lazy\" decoding=\"async\" width=\"437\" height=\"766\" src=\"https:\/\/www.elsindical.com.ar\/notas\/var\/www\/html\/notas\/wp-content\/uploads\/2021\/01\/busqueda-Santiago-diario.jpg\" alt=\"\" class=\"wp-image-101346\" srcset=\"https:\/\/www.elsindical.com.ar\/notas\/var\/www\/html\/notas\/wp-content\/uploads\/2021\/01\/busqueda-Santiago-diario.jpg 437w, https:\/\/www.elsindical.com.ar\/notas\/var\/www\/html\/notas\/wp-content\/uploads\/2021\/01\/busqueda-Santiago-diario-171x300.jpg 171w\" sizes=\"auto, (max-width: 437px) 100vw, 437px\" \/><\/a><\/figure><\/div>\n\n\n\n<p>    Uno lee a diario publicaciones en las redes sociales pidiendo se comparta el pedido de b\u00fasqueda de menores que no volvieron a sus casas, pero luego nadie informa de lo ocurrido y todo sigue igual.<\/p>\n\n\n\n<p>Hoy buscaban a Santiago, un menor que se fue de su casa de Avellaneda, con 5 mil pesos que le hab\u00edan regalado por las fiestas y se desconoc\u00eda su paradero, lo que omitieron decir quienes lo buscaban era que se fue por su cuenta, con dinero y luego de una discusi\u00f3n.<\/p>\n\n\n\n<p>En los EEUU por citar un ejemplo, cuando la polic\u00eda tiene que usar recursos por acciones como estas de menores, los padres son severamente multados y deben adem\u00e1s abonar los gastos que el Estado debi\u00f3 usar en el caso.<\/p>\n\n\n\n<p>Digo esto porque de lo contrario es com\u00fan ver que hay menores que durante a\u00f1os se fugan de los hogares, restando recursos para la b\u00fasqueda de v\u00edctimas de il\u00edcitos y distrayendo de su trabajo a las autoridades policiales y judiciales.<\/p>\n\n\n\n<p>Tambi\u00e9n fallan los servicios locales de menores, en casos como este, el servicio deber\u00eda intervenir y hacer un seguimiento del caso, para aconsejar a los padres y evitar males mayores.<\/p>\n\n\n\n<div class=\"wp-block-image\"><figure class=\"aligncenter size-large\"><a href=\"https:\/\/www.elsindical.com.ar\/notas\/var\/www\/html\/notas\/wp-content\/uploads\/2021\/01\/hkhjjkkk.jpg\"><img loading=\"lazy\" decoding=\"async\" width=\"363\" height=\"563\" src=\"https:\/\/www.elsindical.com.ar\/notas\/var\/www\/html\/notas\/wp-content\/uploads\/2021\/01\/hkhjjkkk.jpg\" alt=\"\" class=\"wp-image-101347\" srcset=\"https:\/\/www.elsindical.com.ar\/notas\/var\/www\/html\/notas\/wp-content\/uploads\/2021\/01\/hkhjjkkk.jpg 363w, https:\/\/www.elsindical.com.ar\/notas\/var\/www\/html\/notas\/wp-content\/uploads\/2021\/01\/hkhjjkkk-193x300.jpg 193w\" sizes=\"auto, (max-width: 363px) 100vw, 363px\" \/><\/a><\/figure><\/div>\n\n\n\n<p>Por Marcelo Ricardo Hawrylciw<\/p>\n","protected":false},"excerpt":{"rendered":"<p>Uno lee a diario publicaciones en las redes sociales pidiendo se comparta el pedido de b\u00fasqueda de menores que no volvieron a sus casas, pero luego nadie informa de lo ocurrido y todo sigue igual. Hoy buscaban a Santiago, un menor que se fue de su casa de Avellaneda, con 5 mil pesos que le&hellip;<\/p>\n","protected":false},"author":1,"featured_media":101346,"comment_status":"open","ping_status":"open","sticky":false,"template":"","format":"standard","meta":{"footnotes":""},"categories":[22],"tags":[461,4284,2385,2450,223,30],"class_list":["post-101345","post","type-post","status-publish","format-standard","has-post-thumbnail","hentry","category-policiales","tag-avellaneda","tag-caba","tag-desaparecido","tag-diario-el-sindical","tag-menor","tag-policia"],"_links":{"self":[{"href":"https:\/\/www.elsindical.com.ar\/notas\/wp-json\/wp\/v2\/posts\/101345","targetHints":{"allow":["GET"]}}],"collection":[{"href":"https:\/\/www.elsindical.com.ar\/notas\/wp-json\/wp\/v2\/posts"}],"about":[{"href":"https:\/\/www.elsindical.com.ar\/notas\/wp-json\/wp\/v2\/types\/post"}],"author":[{"embeddable":true,"href":"https:\/\/www.elsindical.com.ar\/notas\/wp-json\/wp\/v2\/users\/1"}],"replies":[{"embeddable":true,"href":"https:\/\/www.elsindical.com.ar\/notas\/wp-json\/wp\/v2\/comments?post=101345"}],"version-history":[{"count":1,"href":"https:\/\/www.elsindical.com.ar\/notas\/wp-json\/wp\/v2\/posts\/101345\/revisions"}],"predecessor-version":[{"id":101348,"href":"https:\/\/www.elsindical.com.ar\/notas\/wp-json\/wp\/v2\/posts\/101345\/revisions\/101348"}],"wp:featuredmedia":[{"embeddable":true,"href":"https:\/\/www.elsindical.com.ar\/notas\/wp-json\/wp\/v2\/media\/101346"}],"wp:attachment":[{"href":"https:\/\/www.elsindical.com.ar\/notas\/wp-json\/wp\/v2\/media?parent=101345"}],"wp:term":[{"taxonomy":"category","embeddable":true,"href":"https:\/\/www.elsindical.com.ar\/notas\/wp-json\/wp\/v2\/categories?post=101345"},{"taxonomy":"post_tag","embeddable":true,"href":"https:\/\/www.elsindical.com.ar\/notas\/wp-json\/wp\/v2\/tags?post=101345"}],"curies":[{"name":"wp","href":"https:\/\/api.w.org\/{rel}","templated":true}]}}