{"id":101315,"date":"2020-12-31T15:40:35","date_gmt":"2020-12-31T18:40:35","guid":{"rendered":"https:\/\/www.elsindical.com.ar\/notas\/?p=101315"},"modified":"2020-12-31T15:40:36","modified_gmt":"2020-12-31T18:40:36","slug":"joaquin-de-la-torre-de-funcionario-de-vidal-a-peronismo-no-k","status":"publish","type":"post","link":"https:\/\/www.elsindical.com.ar\/notas\/joaquin-de-la-torre-de-funcionario-de-vidal-a-peronismo-no-k\/","title":{"rendered":"Joaqu\u00edn de la Torre, de funcionario de Vidal a peronismo no K"},"content":{"rendered":"\n<figure class=\"wp-block-image size-large\"><a href=\"https:\/\/www.elsindical.com.ar\/notas\/var\/www\/html\/notas\/wp-content\/uploads\/2020\/12\/Vidal-y-Joaquin-de-La-Torre.jpg\"><img loading=\"lazy\" decoding=\"async\" width=\"940\" height=\"529\" src=\"https:\/\/www.elsindical.com.ar\/notas\/var\/www\/html\/notas\/wp-content\/uploads\/2020\/12\/Vidal-y-Joaquin-de-La-Torre.jpg\" alt=\"\" class=\"wp-image-101316\" srcset=\"https:\/\/www.elsindical.com.ar\/notas\/var\/www\/html\/notas\/wp-content\/uploads\/2020\/12\/Vidal-y-Joaquin-de-La-Torre.jpg 940w, https:\/\/www.elsindical.com.ar\/notas\/var\/www\/html\/notas\/wp-content\/uploads\/2020\/12\/Vidal-y-Joaquin-de-La-Torre-300x169.jpg 300w, https:\/\/www.elsindical.com.ar\/notas\/var\/www\/html\/notas\/wp-content\/uploads\/2020\/12\/Vidal-y-Joaquin-de-La-Torre-768x432.jpg 768w, https:\/\/www.elsindical.com.ar\/notas\/var\/www\/html\/notas\/wp-content\/uploads\/2020\/12\/Vidal-y-Joaquin-de-La-Torre-500x281.jpg 500w, https:\/\/www.elsindical.com.ar\/notas\/var\/www\/html\/notas\/wp-content\/uploads\/2020\/12\/Vidal-y-Joaquin-de-La-Torre-460x260.jpg 460w\" sizes=\"auto, (max-width: 940px) 100vw, 940px\" \/><\/a><\/figure>\n\n\n\n<p>    En una extra\u00f1a maniobra pol\u00edtica, ex funcionarios y aliados de Juntos por el Cambio, ahora se definen como peronistas no kirchneristas y pretenden restar votos al peronismo en una movida pol\u00edtica rid\u00edcula y que solo puede prosperar ante un electorado sin memoria.<\/p>\n\n\n\n<p>Con un brindis organizado por el concejal mandato cumplido de Lan\u00fas Gabriel Di Masi, entre la que se destac\u00f3 la presencia del ex intendente Jes\u00fas Cariglino y otros pol\u00edticos y referentes sindicales, se \u00ablanzo\u00bb la candidatura de Joaqu\u00edn de la Torre como gobernador.<\/p>\n\n\n\n<p>Cualquiera que tenga un poco de memoria recordar\u00e1 que Joaqu\u00edn de la Torre fue ministro de Mar\u00eda Eugenia Vidal y uno de los principales defensores de la gesti\u00f3n que poco hizo por mejorar la provincia, incluso protagoniz\u00f3 un esc\u00e1ndalo medi\u00e1tico cuando su hija Jacinta de la Torre se enfureci\u00f3 por el Decreto presidencia que limitaba la designaci\u00f3n de familiares en el gobierno.<\/p>\n\n\n\n<p><em>\u00abEn el af\u00e1n de querer diferenciarse de los K hacen cada boludes (sic). Dios m\u00edo\u00bb, escribi\u00f3 la joven en su cuenta de Twitter como respuesta a un tuit de ayer del Presidente en el que destacaba el decreto que ver\u00e1 la luz en las pr\u00f3ximas horas, que impide que haya familiares directos de ministros en la funci\u00f3n p\u00fablica y que la gobernadora Mar\u00eda Eugenia Vidal imitar\u00e1 en los pr\u00f3ximos d\u00edas. <strong>\u00abEntonces espero que no haya inflaci\u00f3n porque los empleados p\u00fablicos tambi\u00e9n tienen que comer\u00bb<\/strong>, volvi\u00f3 a escribir como contestaci\u00f3n a otra frase del jefe de Estado, en la que daba cuenta del congelamiento de las paritarias para los funcionarios de mayor rango del gabinete nacional.<\/em><\/p>\n\n\n\n<p>Por si faltara algo m\u00e1s que ponga en evidencia la improvisaci\u00f3n de la reuni\u00f3n, poco les import\u00f3 a los presentes respetar el distanciamiento y el uso de barbijos, el mal ejemplo lo dieron los referentes el propio Joaqu\u00edn De La Torre, Jes\u00fas Cariglino y Gabriel Di Masi entre otros.<\/p>\n\n\n\n<p>La publicaci\u00f3n efectuada en un \u00abmedio\u00bb con pauta de Juntos por el Cambio es la confirmaci\u00f3n de que esta gente tiene poco de peronistas y mucho de amarillos, ser\u00eda m\u00e1s sincero que se presenten como oposici\u00f3n partidaria y no como disidentes peronistas.<\/p>\n\n\n\n<p>Esto reci\u00e9n comienza pero promete ser un espacio divertido por las incongruencias pol\u00edticas y sindicales de sus miembros.<\/p>\n\n\n\n<figure class=\"wp-block-image size-large\"><a href=\"https:\/\/www.elsindical.com.ar\/notas\/var\/www\/html\/notas\/wp-content\/uploads\/2020\/12\/Di-Masi-lanzamiento-Joaquin-de-la-Torre.jpg\"><img loading=\"lazy\" decoding=\"async\" width=\"1024\" height=\"497\" src=\"https:\/\/www.elsindical.com.ar\/notas\/var\/www\/html\/notas\/wp-content\/uploads\/2020\/12\/Di-Masi-lanzamiento-Joaquin-de-la-Torre-1024x497.jpg\" alt=\"\" class=\"wp-image-101317\" srcset=\"https:\/\/www.elsindical.com.ar\/notas\/var\/www\/html\/notas\/wp-content\/uploads\/2020\/12\/Di-Masi-lanzamiento-Joaquin-de-la-Torre-1024x497.jpg 1024w, https:\/\/www.elsindical.com.ar\/notas\/var\/www\/html\/notas\/wp-content\/uploads\/2020\/12\/Di-Masi-lanzamiento-Joaquin-de-la-Torre-300x146.jpg 300w, https:\/\/www.elsindical.com.ar\/notas\/var\/www\/html\/notas\/wp-content\/uploads\/2020\/12\/Di-Masi-lanzamiento-Joaquin-de-la-Torre-768x373.jpg 768w, https:\/\/www.elsindical.com.ar\/notas\/var\/www\/html\/notas\/wp-content\/uploads\/2020\/12\/Di-Masi-lanzamiento-Joaquin-de-la-Torre-500x243.jpg 500w, https:\/\/www.elsindical.com.ar\/notas\/var\/www\/html\/notas\/wp-content\/uploads\/2020\/12\/Di-Masi-lanzamiento-Joaquin-de-la-Torre.jpg 1207w\" sizes=\"auto, (max-width: 1024px) 100vw, 1024px\" \/><\/a><\/figure>\n\n\n\n<p>Por Marcelo Ricardo Hawrylciw<\/p>\n","protected":false},"excerpt":{"rendered":"<p>En una extra\u00f1a maniobra pol\u00edtica, ex funcionarios y aliados de Juntos por el Cambio, ahora se definen como peronistas no kirchneristas y pretenden restar votos al peronismo en una movida pol\u00edtica rid\u00edcula y que solo puede prosperar ante un electorado sin memoria. Con un brindis organizado por el concejal mandato cumplido de Lan\u00fas Gabriel Di&hellip;<\/p>\n","protected":false},"author":1,"featured_media":101316,"comment_status":"open","ping_status":"open","sticky":false,"template":"","format":"standard","meta":{"footnotes":""},"categories":[10,13],"tags":[2450,21003,12642,19639,31166,209,7265,2766],"class_list":["post-101315","post","type-post","status-publish","format-standard","has-post-thumbnail","hentry","category-editorial","category-politica","tag-diario-el-sindical","tag-gabriel-di-masi","tag-jesus-cariglino","tag-joaquin-de-la-torre","tag-juntos-por-el-cambio","tag-lanus","tag-maria-eugenia-vidal","tag-peronismo"],"_links":{"self":[{"href":"https:\/\/www.elsindical.com.ar\/notas\/wp-json\/wp\/v2\/posts\/101315","targetHints":{"allow":["GET"]}}],"collection":[{"href":"https:\/\/www.elsindical.com.ar\/notas\/wp-json\/wp\/v2\/posts"}],"about":[{"href":"https:\/\/www.elsindical.com.ar\/notas\/wp-json\/wp\/v2\/types\/post"}],"author":[{"embeddable":true,"href":"https:\/\/www.elsindical.com.ar\/notas\/wp-json\/wp\/v2\/users\/1"}],"replies":[{"embeddable":true,"href":"https:\/\/www.elsindical.com.ar\/notas\/wp-json\/wp\/v2\/comments?post=101315"}],"version-history":[{"count":1,"href":"https:\/\/www.elsindical.com.ar\/notas\/wp-json\/wp\/v2\/posts\/101315\/revisions"}],"predecessor-version":[{"id":101318,"href":"https:\/\/www.elsindical.com.ar\/notas\/wp-json\/wp\/v2\/posts\/101315\/revisions\/101318"}],"wp:featuredmedia":[{"embeddable":true,"href":"https:\/\/www.elsindical.com.ar\/notas\/wp-json\/wp\/v2\/media\/101316"}],"wp:attachment":[{"href":"https:\/\/www.elsindical.com.ar\/notas\/wp-json\/wp\/v2\/media?parent=101315"}],"wp:term":[{"taxonomy":"category","embeddable":true,"href":"https:\/\/www.elsindical.com.ar\/notas\/wp-json\/wp\/v2\/categories?post=101315"},{"taxonomy":"post_tag","embeddable":true,"href":"https:\/\/www.elsindical.com.ar\/notas\/wp-json\/wp\/v2\/tags?post=101315"}],"curies":[{"name":"wp","href":"https:\/\/api.w.org\/{rel}","templated":true}]}}