{"id":101312,"date":"2020-12-31T13:13:37","date_gmt":"2020-12-31T16:13:37","guid":{"rendered":"https:\/\/www.elsindical.com.ar\/notas\/?p=101312"},"modified":"2020-12-31T13:13:38","modified_gmt":"2020-12-31T16:13:38","slug":"avellaneda-se-registro-otra-muerte-por-coronavirus","status":"publish","type":"post","link":"https:\/\/www.elsindical.com.ar\/notas\/avellaneda-se-registro-otra-muerte-por-coronavirus\/","title":{"rendered":"Avellaneda: Se registr\u00f3 otra muerte por Coronavirus"},"content":{"rendered":"\n<figure class=\"wp-block-image size-large\"><a href=\"https:\/\/www.elsindical.com.ar\/notas\/var\/www\/html\/notas\/wp-content\/uploads\/2020\/12\/muertes-y-contagios-Avell-30-dic.jpg\"><img loading=\"lazy\" decoding=\"async\" width=\"1024\" height=\"1024\" src=\"https:\/\/www.elsindical.com.ar\/notas\/var\/www\/html\/notas\/wp-content\/uploads\/2020\/12\/muertes-y-contagios-Avell-30-dic-1024x1024.jpg\" alt=\"\" class=\"wp-image-101313\" srcset=\"https:\/\/www.elsindical.com.ar\/notas\/var\/www\/html\/notas\/wp-content\/uploads\/2020\/12\/muertes-y-contagios-Avell-30-dic-1024x1024.jpg 1024w, https:\/\/www.elsindical.com.ar\/notas\/var\/www\/html\/notas\/wp-content\/uploads\/2020\/12\/muertes-y-contagios-Avell-30-dic-300x300.jpg 300w, https:\/\/www.elsindical.com.ar\/notas\/var\/www\/html\/notas\/wp-content\/uploads\/2020\/12\/muertes-y-contagios-Avell-30-dic-150x150.jpg 150w, https:\/\/www.elsindical.com.ar\/notas\/var\/www\/html\/notas\/wp-content\/uploads\/2020\/12\/muertes-y-contagios-Avell-30-dic-768x768.jpg 768w, https:\/\/www.elsindical.com.ar\/notas\/var\/www\/html\/notas\/wp-content\/uploads\/2020\/12\/muertes-y-contagios-Avell-30-dic-50x50.jpg 50w, https:\/\/www.elsindical.com.ar\/notas\/var\/www\/html\/notas\/wp-content\/uploads\/2020\/12\/muertes-y-contagios-Avell-30-dic.jpg 1080w\" sizes=\"auto, (max-width: 1024px) 100vw, 1024px\" \/><\/a><\/figure>\n\n\n\n<p>El Ministerio de Salud bonaerense tambi\u00e9n confirm\u00f3 87 nuevos casos.<\/p>\n\n\n\n<p>Este mi\u00e9rcoles se confirm\u00f3 otro deceso por coronavirus en Avellaneda, distrito en el que adem\u00e1s se registraron 87 nuevos casos inform\u00f3 el Ministerio de Salud de la provincia de Buenos Aires.<\/p>\n\n\n\n<p>De esta forma suman 731 las v\u00edctimas fatales y la tasa de letalidad en Avellaneda es 3,87 por ciento.<\/p>\n\n\n\n<p>Seg\u00fan la \u00faltima actualizaci\u00f3n de la \u201csala de situaci\u00f3n\u201d que publica la cartera sanitaria bonaerense, ascendieron a 18.901 los infectados. Incluye las muertes y 16.479 vecinos recuperados.<\/p>\n\n\n\n<p>En cuanto a la clasificaci\u00f3n epidemiol\u00f3gica, el 72 por ciento de los casos fueron por transmisi\u00f3n comunitaria, 14,8 por ciento por contacto, 8,2 por ciento est\u00e1n en investigaci\u00f3n, 4,7 por ciento corresponden a trabajadores de la salud y 0,3 por ciento fueron casos importados.<\/p>\n","protected":false},"excerpt":{"rendered":"<p>El Ministerio de Salud bonaerense tambi\u00e9n confirm\u00f3 87 nuevos casos. Este mi\u00e9rcoles se confirm\u00f3 otro deceso por coronavirus en Avellaneda, distrito en el que adem\u00e1s se registraron 87 nuevos casos inform\u00f3 el Ministerio de Salud de la provincia de Buenos Aires. De esta forma suman 731 las v\u00edctimas fatales y la tasa de letalidad en&hellip;<\/p>\n","protected":false},"author":1,"featured_media":101313,"comment_status":"open","ping_status":"open","sticky":false,"template":"","format":"standard","meta":{"footnotes":""},"categories":[23],"tags":[461,19938,32346,32627,2450,22031],"class_list":["post-101312","post","type-post","status-publish","format-standard","has-post-thumbnail","hentry","category-salud","tag-avellaneda","tag-contagios","tag-coronavirus","tag-covid-19","tag-diario-el-sindical","tag-salud"],"_links":{"self":[{"href":"https:\/\/www.elsindical.com.ar\/notas\/wp-json\/wp\/v2\/posts\/101312","targetHints":{"allow":["GET"]}}],"collection":[{"href":"https:\/\/www.elsindical.com.ar\/notas\/wp-json\/wp\/v2\/posts"}],"about":[{"href":"https:\/\/www.elsindical.com.ar\/notas\/wp-json\/wp\/v2\/types\/post"}],"author":[{"embeddable":true,"href":"https:\/\/www.elsindical.com.ar\/notas\/wp-json\/wp\/v2\/users\/1"}],"replies":[{"embeddable":true,"href":"https:\/\/www.elsindical.com.ar\/notas\/wp-json\/wp\/v2\/comments?post=101312"}],"version-history":[{"count":1,"href":"https:\/\/www.elsindical.com.ar\/notas\/wp-json\/wp\/v2\/posts\/101312\/revisions"}],"predecessor-version":[{"id":101314,"href":"https:\/\/www.elsindical.com.ar\/notas\/wp-json\/wp\/v2\/posts\/101312\/revisions\/101314"}],"wp:featuredmedia":[{"embeddable":true,"href":"https:\/\/www.elsindical.com.ar\/notas\/wp-json\/wp\/v2\/media\/101313"}],"wp:attachment":[{"href":"https:\/\/www.elsindical.com.ar\/notas\/wp-json\/wp\/v2\/media?parent=101312"}],"wp:term":[{"taxonomy":"category","embeddable":true,"href":"https:\/\/www.elsindical.com.ar\/notas\/wp-json\/wp\/v2\/categories?post=101312"},{"taxonomy":"post_tag","embeddable":true,"href":"https:\/\/www.elsindical.com.ar\/notas\/wp-json\/wp\/v2\/tags?post=101312"}],"curies":[{"name":"wp","href":"https:\/\/api.w.org\/{rel}","templated":true}]}}