{"id":101286,"date":"2020-12-29T18:32:48","date_gmt":"2020-12-29T21:32:48","guid":{"rendered":"https:\/\/www.elsindical.com.ar\/notas\/?p=101286"},"modified":"2020-12-29T18:32:49","modified_gmt":"2020-12-29T21:32:49","slug":"lanus-un-policia-que-manejaba-un-uber-mato-a-un-presunto-delincuente","status":"publish","type":"post","link":"https:\/\/www.elsindical.com.ar\/notas\/lanus-un-policia-que-manejaba-un-uber-mato-a-un-presunto-delincuente\/","title":{"rendered":"Lan\u00fas: Un polic\u00eda, que manejaba un Uber, mat\u00f3 a un presunto delincuente"},"content":{"rendered":"\n<figure class=\"wp-block-image size-large\"><a href=\"https:\/\/www.elsindical.com.ar\/notas\/var\/www\/html\/notas\/wp-content\/uploads\/2020\/12\/Lanus-intento-de-robo-UBER.jpg\"><img loading=\"lazy\" decoding=\"async\" width=\"1024\" height=\"576\" src=\"https:\/\/www.elsindical.com.ar\/notas\/var\/www\/html\/notas\/wp-content\/uploads\/2020\/12\/Lanus-intento-de-robo-UBER-1024x576.jpg\" alt=\"\" class=\"wp-image-101287\" srcset=\"https:\/\/www.elsindical.com.ar\/notas\/var\/www\/html\/notas\/wp-content\/uploads\/2020\/12\/Lanus-intento-de-robo-UBER-1024x576.jpg 1024w, https:\/\/www.elsindical.com.ar\/notas\/var\/www\/html\/notas\/wp-content\/uploads\/2020\/12\/Lanus-intento-de-robo-UBER-300x169.jpg 300w, https:\/\/www.elsindical.com.ar\/notas\/var\/www\/html\/notas\/wp-content\/uploads\/2020\/12\/Lanus-intento-de-robo-UBER-768x432.jpg 768w, https:\/\/www.elsindical.com.ar\/notas\/var\/www\/html\/notas\/wp-content\/uploads\/2020\/12\/Lanus-intento-de-robo-UBER-500x281.jpg 500w, https:\/\/www.elsindical.com.ar\/notas\/var\/www\/html\/notas\/wp-content\/uploads\/2020\/12\/Lanus-intento-de-robo-UBER-460x260.jpg 460w, https:\/\/www.elsindical.com.ar\/notas\/var\/www\/html\/notas\/wp-content\/uploads\/2020\/12\/Lanus-intento-de-robo-UBER.jpg 1200w\" sizes=\"auto, (max-width: 1024px) 100vw, 1024px\" \/><\/a><\/figure>\n\n\n\n<p>Ocurri\u00f3 anoche en Lan\u00fas Este. Un joven muri\u00f3 y su presunto c\u00f3mplice, de 16 a\u00f1os, result\u00f3 herido.<\/p>\n\n\n\n<p>Un efectivo de la Polic\u00eda de la Ciudad que estaba franco de servicio y manejaba un auto particular como Uber mat\u00f3 a un presunto ladr\u00f3n e hiri\u00f3 a un c\u00f3mplice de 16 a\u00f1os cuando quisieron asaltarlo haci\u00e9ndose pasar por pasajeros en Lan\u00fas Este.<\/p>\n\n\n\n<p>El hecho ocurri\u00f3 a las 22.45 de anoche en 9 de Julio y Suipacha de Lan\u00fas, donde un oficial que trabaja en la comisar\u00eda vecinal 4C del barrio porte\u00f1o de La Boca pero estaba de franco, realizaba con un autom\u00f3vil Honda Fit un servicio de la plataforma de viajes Uber.<\/p>\n\n\n\n<p>Seg\u00fan las fuentes, dos j\u00f3venes que hab\u00edan abordado el veh\u00edculo como supuestos pasajeros, lo asaltaron y uno de ellos extrajo un arma de fuego, lo apunt\u00f3 y le exigi\u00f3 la entrega de dinero. El chofer se dio a conocer como polic\u00eda, dio la voz de alto, extrajo su pistola calibre 9 mil\u00edmetros reglamentaria y efectu\u00f3 una serie de disparos.<\/p>\n\n\n\n<p>En el asiento trasero del veh\u00edculo muri\u00f3 un joven cuya edad e identidad a\u00fan no hab\u00eda trascendido, mientras que el c\u00f3mplice, de 16 a\u00f1os, sufri\u00f3 una herida de bala que algunas fuentes se\u00f1alaban fue en la espalda y otras en un brazo, pero estaba fuera de peligro y fue trasladado a un hospital, donde se encuentra detenido con custodia policial.<\/p>\n\n\n\n<p>Dentro del autom\u00f3vil se secuestr\u00f3 un rev\u00f3lver calibre 32 que, seg\u00fan el relato del polic\u00eda, fue el arma que us\u00f3 uno de los asaltantes para intimidarlo.<\/p>\n\n\n\n<p>En el lugar se hizo presente personal de la comisar\u00eda 2da. de Lan\u00fas, con jurisdicci\u00f3n en la zona, y el titular de la Unidad Funcional de Instrucci\u00f3n (UFI) del Fuero Penal Juvenil 5 de Lomas de Zamora, Enrique L\u00e1zzari.<\/p>\n\n\n\n<p>Como todo indica que actu\u00f3 en leg\u00edtima defensa, el fiscal no adopt\u00f3 ning\u00fan temperamento con el polic\u00eda salvo notificarle la formaci\u00f3n de la causa, mientras que tambi\u00e9n orden\u00f3 el secuestro de las armas para peritajes, y la restituci\u00f3n del rodado. Al lugar tambi\u00e9n arrib\u00f3 para asistir al polic\u00eda, personal de Desempe\u00f1o Profesional, Asesor\u00eda Legal y Cuerpo de Psic\u00f3logos de la Polic\u00eda de la Ciudad.<\/p>\n","protected":false},"excerpt":{"rendered":"<p>Ocurri\u00f3 anoche en Lan\u00fas Este. Un joven muri\u00f3 y su presunto c\u00f3mplice, de 16 a\u00f1os, result\u00f3 herido. Un efectivo de la Polic\u00eda de la Ciudad que estaba franco de servicio y manejaba un auto particular como Uber mat\u00f3 a un presunto ladr\u00f3n e hiri\u00f3 a un c\u00f3mplice de 16 a\u00f1os cuando quisieron asaltarlo haci\u00e9ndose pasar&hellip;<\/p>\n","protected":false},"author":1,"featured_media":101287,"comment_status":"open","ping_status":"open","sticky":false,"template":"","format":"standard","meta":{"footnotes":""},"categories":[22],"tags":[196,2450,209,24537,23277],"class_list":["post-101286","post","type-post","status-publish","format-standard","has-post-thumbnail","hentry","category-policiales","tag-delincuente","tag-diario-el-sindical","tag-lanus","tag-policia-de-la-ciudad","tag-uber"],"_links":{"self":[{"href":"https:\/\/www.elsindical.com.ar\/notas\/wp-json\/wp\/v2\/posts\/101286","targetHints":{"allow":["GET"]}}],"collection":[{"href":"https:\/\/www.elsindical.com.ar\/notas\/wp-json\/wp\/v2\/posts"}],"about":[{"href":"https:\/\/www.elsindical.com.ar\/notas\/wp-json\/wp\/v2\/types\/post"}],"author":[{"embeddable":true,"href":"https:\/\/www.elsindical.com.ar\/notas\/wp-json\/wp\/v2\/users\/1"}],"replies":[{"embeddable":true,"href":"https:\/\/www.elsindical.com.ar\/notas\/wp-json\/wp\/v2\/comments?post=101286"}],"version-history":[{"count":1,"href":"https:\/\/www.elsindical.com.ar\/notas\/wp-json\/wp\/v2\/posts\/101286\/revisions"}],"predecessor-version":[{"id":101288,"href":"https:\/\/www.elsindical.com.ar\/notas\/wp-json\/wp\/v2\/posts\/101286\/revisions\/101288"}],"wp:featuredmedia":[{"embeddable":true,"href":"https:\/\/www.elsindical.com.ar\/notas\/wp-json\/wp\/v2\/media\/101287"}],"wp:attachment":[{"href":"https:\/\/www.elsindical.com.ar\/notas\/wp-json\/wp\/v2\/media?parent=101286"}],"wp:term":[{"taxonomy":"category","embeddable":true,"href":"https:\/\/www.elsindical.com.ar\/notas\/wp-json\/wp\/v2\/categories?post=101286"},{"taxonomy":"post_tag","embeddable":true,"href":"https:\/\/www.elsindical.com.ar\/notas\/wp-json\/wp\/v2\/tags?post=101286"}],"curies":[{"name":"wp","href":"https:\/\/api.w.org\/{rel}","templated":true}]}}