{"id":101281,"date":"2020-12-29T09:02:23","date_gmt":"2020-12-29T12:02:23","guid":{"rendered":"https:\/\/www.elsindical.com.ar\/notas\/?p=101281"},"modified":"2020-12-29T09:02:24","modified_gmt":"2020-12-29T12:02:24","slug":"lanus-allanamientos-por-venta-de-drogas","status":"publish","type":"post","link":"https:\/\/www.elsindical.com.ar\/notas\/lanus-allanamientos-por-venta-de-drogas\/","title":{"rendered":"Lan\u00fas: Allanamientos por venta de drogas"},"content":{"rendered":"\n<figure class=\"wp-block-image size-large\"><a href=\"https:\/\/www.elsindical.com.ar\/notas\/var\/www\/html\/notas\/wp-content\/uploads\/2020\/12\/fjsiojiodis.jpg\"><img loading=\"lazy\" decoding=\"async\" width=\"1013\" height=\"712\" src=\"https:\/\/www.elsindical.com.ar\/notas\/var\/www\/html\/notas\/wp-content\/uploads\/2020\/12\/fjsiojiodis.jpg\" alt=\"\" class=\"wp-image-101282\" srcset=\"https:\/\/www.elsindical.com.ar\/notas\/var\/www\/html\/notas\/wp-content\/uploads\/2020\/12\/fjsiojiodis.jpg 1013w, https:\/\/www.elsindical.com.ar\/notas\/var\/www\/html\/notas\/wp-content\/uploads\/2020\/12\/fjsiojiodis-300x211.jpg 300w, https:\/\/www.elsindical.com.ar\/notas\/var\/www\/html\/notas\/wp-content\/uploads\/2020\/12\/fjsiojiodis-768x540.jpg 768w, https:\/\/www.elsindical.com.ar\/notas\/var\/www\/html\/notas\/wp-content\/uploads\/2020\/12\/fjsiojiodis-427x300.jpg 427w\" sizes=\"auto, (max-width: 1013px) 100vw, 1013px\" \/><\/a><\/figure>\n\n\n\n<p class=\"wp-block-paragraph\">S.R. AMBA SUR 1.-<br>E.P.D.S. LAN\u00daS.-<br>UPPL LAN\u00daS.-<br>FECHA: 28\/12\/2020.-<br>INTERVIENE: UFI N\u00b0 01 DESCENTRALIZADA DE LAN\u00daS.-<br>TEXTO: Cca. UPPL Lan\u00fas, que en la fecha y hora actual, a ra\u00edz de tareas investigativas llevadas a cabo por personal de esta Unidad en forma conjunta al GTO de la seccional Lan\u00fas 6ta, se logro obtener dos Ordenes de Allanamientos, en relaci\u00f3n a la I.P.P. N\u00b0 07-04-010341-20 y I.P.P. N\u00b0 07-04-020848-20 caratulada \u201cINFRACCION A LA LEY 23.737\u201d, con intervenci\u00f3n de la UFI N\u00b0 05 Descentralizada de Lan\u00fas: de los cuales se obtuvo los siguientes resultados:&nbsp;<em>OBJETIVO 01:<\/em>&nbsp;calle Pasaje Las Malvinas al 300 de Lan\u00fas; se procedi\u00f3 a la incautaci\u00f3n de un Rev\u00f3lver Calibre 32 Largo Doberman, Serie N\u00b0 04976T, una Pistola Browning calibre 380, n\u00famero 02033, 2 cargadores correspondientes a pistola 9 m.m.; 10 municiones calibre 9 m.m.; como as\u00ed tambi\u00e9n la cantidad de 23 dosis de Coca\u00edna, con un pesaje total de 11 gramos; y la aprehensi\u00f3n de JUAN REYES RETAMAR, arg., de 63 a\u00f1os de edad<\/p>\n\n\n\n<p class=\"wp-block-paragraph\">OBJETO N\u00b0 02 : calle Villa Luj\u00e1n al 2100 de Lan\u00fas; se incauto 55 envoltorios de coca\u00edna, con un pesaje total de 21,3 gramos; un rev\u00f3lver Calibre 22 largo, con 11 municiones del mismo calibre; procedi\u00e9ndose a la aprehensi\u00f3n de JULIA ELENA MILO, arg., de 37 a\u00f1os de edad y de MARCOS EZEQUEL MILO, arg., de 35 a\u00f1os de edad, quienes quedaron a disposici\u00f3n de la fiscal\u00eda interviniente, debiendo ser trasladado a esa Sede Judicial el d\u00eda de ma\u00f1ana a primera hora.- Es cuanto informo a Ud.-<\/p>\n\n\n\n<figure class=\"wp-block-gallery columns-1 is-cropped wp-block-gallery-1 is-layout-flex wp-block-gallery-is-layout-flex\"><ul class=\"blocks-gallery-grid\"><li class=\"blocks-gallery-item\"><figure><a href=\"https:\/\/www.elsindical.com.ar\/notas\/var\/www\/html\/notas\/wp-content\/uploads\/2020\/12\/jioissdd.jpg\"><img loading=\"lazy\" decoding=\"async\" width=\"570\" height=\"768\" src=\"https:\/\/www.elsindical.com.ar\/notas\/var\/www\/html\/notas\/wp-content\/uploads\/2020\/12\/jioissdd.jpg\" alt=\"\" data-id=\"101283\" data-full-url=\"https:\/\/www.elsindical.com.ar\/notas\/var\/www\/html\/notas\/wp-content\/uploads\/2020\/12\/jioissdd.jpg\" data-link=\"https:\/\/www.elsindical.com.ar\/notas\/?attachment_id=101283#main\" class=\"wp-image-101283\" srcset=\"https:\/\/www.elsindical.com.ar\/notas\/var\/www\/html\/notas\/wp-content\/uploads\/2020\/12\/jioissdd.jpg 570w, https:\/\/www.elsindical.com.ar\/notas\/var\/www\/html\/notas\/wp-content\/uploads\/2020\/12\/jioissdd-223x300.jpg 223w\" sizes=\"auto, (max-width: 570px) 100vw, 570px\" \/><\/a><\/figure><\/li><li class=\"blocks-gallery-item\"><figure><a href=\"https:\/\/www.elsindical.com.ar\/notas\/var\/www\/html\/notas\/wp-content\/uploads\/2020\/12\/osjdjdod.jpg\"><img loading=\"lazy\" decoding=\"async\" width=\"572\" height=\"766\" src=\"https:\/\/www.elsindical.com.ar\/notas\/var\/www\/html\/notas\/wp-content\/uploads\/2020\/12\/osjdjdod.jpg\" alt=\"\" data-id=\"101284\" data-full-url=\"https:\/\/www.elsindical.com.ar\/notas\/var\/www\/html\/notas\/wp-content\/uploads\/2020\/12\/osjdjdod.jpg\" data-link=\"https:\/\/www.elsindical.com.ar\/notas\/?attachment_id=101284#main\" class=\"wp-image-101284\" srcset=\"https:\/\/www.elsindical.com.ar\/notas\/var\/www\/html\/notas\/wp-content\/uploads\/2020\/12\/osjdjdod.jpg 572w, https:\/\/www.elsindical.com.ar\/notas\/var\/www\/html\/notas\/wp-content\/uploads\/2020\/12\/osjdjdod-224x300.jpg 224w\" sizes=\"auto, (max-width: 572px) 100vw, 572px\" \/><\/a><\/figure><\/li><\/ul><\/figure>\n","protected":false},"excerpt":{"rendered":"<p>S.R. AMBA SUR 1.-E.P.D.S. LAN\u00daS.-UPPL LAN\u00daS.-FECHA: 28\/12\/2020.-INTERVIENE: UFI N\u00b0 01 DESCENTRALIZADA DE LAN\u00daS.-TEXTO: Cca. UPPL Lan\u00fas, que en la fecha y hora actual, a ra\u00edz de tareas investigativas llevadas a cabo por personal de esta Unidad en forma conjunta al GTO de la seccional Lan\u00fas 6ta, se logro obtener dos Ordenes de Allanamientos, en relaci\u00f3n&hellip;<\/p>\n","protected":false},"author":1,"featured_media":101282,"comment_status":"open","ping_status":"open","sticky":false,"template":"","format":"standard","meta":{"footnotes":""},"categories":[22],"tags":[493,2450,27235,32890,32891,6399],"class_list":["post-101281","post","type-post","status-publish","format-standard","has-post-thumbnail","hentry","category-policiales","tag-allanamientos","tag-diario-el-sindical","tag-infraccion-ley-23-737","tag-superintendencia-region-amba-sur-i","tag-superintendente-javier-carlos-villar","tag-venta-de-drogas"],"_links":{"self":[{"href":"https:\/\/www.elsindical.com.ar\/notas\/wp-json\/wp\/v2\/posts\/101281","targetHints":{"allow":["GET"]}}],"collection":[{"href":"https:\/\/www.elsindical.com.ar\/notas\/wp-json\/wp\/v2\/posts"}],"about":[{"href":"https:\/\/www.elsindical.com.ar\/notas\/wp-json\/wp\/v2\/types\/post"}],"author":[{"embeddable":true,"href":"https:\/\/www.elsindical.com.ar\/notas\/wp-json\/wp\/v2\/users\/1"}],"replies":[{"embeddable":true,"href":"https:\/\/www.elsindical.com.ar\/notas\/wp-json\/wp\/v2\/comments?post=101281"}],"version-history":[{"count":1,"href":"https:\/\/www.elsindical.com.ar\/notas\/wp-json\/wp\/v2\/posts\/101281\/revisions"}],"predecessor-version":[{"id":101285,"href":"https:\/\/www.elsindical.com.ar\/notas\/wp-json\/wp\/v2\/posts\/101281\/revisions\/101285"}],"wp:featuredmedia":[{"embeddable":true,"href":"https:\/\/www.elsindical.com.ar\/notas\/wp-json\/wp\/v2\/media\/101282"}],"wp:attachment":[{"href":"https:\/\/www.elsindical.com.ar\/notas\/wp-json\/wp\/v2\/media?parent=101281"}],"wp:term":[{"taxonomy":"category","embeddable":true,"href":"https:\/\/www.elsindical.com.ar\/notas\/wp-json\/wp\/v2\/categories?post=101281"},{"taxonomy":"post_tag","embeddable":true,"href":"https:\/\/www.elsindical.com.ar\/notas\/wp-json\/wp\/v2\/tags?post=101281"}],"curies":[{"name":"wp","href":"https:\/\/api.w.org\/{rel}","templated":true}]}}