{"id":101267,"date":"2020-12-28T17:24:13","date_gmt":"2020-12-28T20:24:13","guid":{"rendered":"https:\/\/www.elsindical.com.ar\/notas\/?p=101267"},"modified":"2020-12-28T17:24:14","modified_gmt":"2020-12-28T20:24:14","slug":"trabajadores-despedidos-de-cresta-roja-acampan-frente-a-la-municipalidad-de-esteban-echeverria","status":"publish","type":"post","link":"https:\/\/www.elsindical.com.ar\/notas\/trabajadores-despedidos-de-cresta-roja-acampan-frente-a-la-municipalidad-de-esteban-echeverria\/","title":{"rendered":"Trabajadores despedidos de Cresta Roja acampan frente a la Municipalidad de Esteban Echeverr\u00eda"},"content":{"rendered":"\n<figure class=\"wp-block-image size-large\"><a href=\"https:\/\/www.elsindical.com.ar\/notas\/var\/www\/html\/notas\/wp-content\/uploads\/2020\/12\/trabajadpres-Cresta-Roja-acampe.jpg\"><img loading=\"lazy\" decoding=\"async\" width=\"1024\" height=\"576\" src=\"https:\/\/www.elsindical.com.ar\/notas\/var\/www\/html\/notas\/wp-content\/uploads\/2020\/12\/trabajadpres-Cresta-Roja-acampe-1024x576.jpg\" alt=\"\" class=\"wp-image-101268\" srcset=\"https:\/\/www.elsindical.com.ar\/notas\/var\/www\/html\/notas\/wp-content\/uploads\/2020\/12\/trabajadpres-Cresta-Roja-acampe-1024x576.jpg 1024w, https:\/\/www.elsindical.com.ar\/notas\/var\/www\/html\/notas\/wp-content\/uploads\/2020\/12\/trabajadpres-Cresta-Roja-acampe-300x169.jpg 300w, https:\/\/www.elsindical.com.ar\/notas\/var\/www\/html\/notas\/wp-content\/uploads\/2020\/12\/trabajadpres-Cresta-Roja-acampe-768x432.jpg 768w, https:\/\/www.elsindical.com.ar\/notas\/var\/www\/html\/notas\/wp-content\/uploads\/2020\/12\/trabajadpres-Cresta-Roja-acampe-500x281.jpg 500w, https:\/\/www.elsindical.com.ar\/notas\/var\/www\/html\/notas\/wp-content\/uploads\/2020\/12\/trabajadpres-Cresta-Roja-acampe-460x260.jpg 460w, https:\/\/www.elsindical.com.ar\/notas\/var\/www\/html\/notas\/wp-content\/uploads\/2020\/12\/trabajadpres-Cresta-Roja-acampe.jpg 1200w\" sizes=\"auto, (max-width: 1024px) 100vw, 1024px\" \/><\/a><\/figure>\n\n\n\n<p>\u00abTermina otro a\u00f1o y las familias estamos todav\u00eda en la calle sin respuesta alguna\u00bb, aseguraron.<\/p>\n\n\n\n<p>Trabajadores despedidos de Cresta Roja realizaban este lunes una nueva protesta frente a la Municipalidad de Esteban Echeverr\u00eda en reclamo de \u201cuna soluci\u00f3n urgente\u201d para los 2000 puestos que se perdieron durante la gesti\u00f3n del ex presidente Mauricio Macri.<\/p>\n\n\n\n<p>\u201cDespu\u00e9s de tantas reuniones y promesas incumplidas de parte del Gobierno Nacional, Provincial y Municipal, los trabajadores de Cresta Roja nos vemos obligados a marchar, y acampar, al Municipio de Estaban Echeverr\u00eda\u201d.<\/p>\n\n\n\n<p>\u201cTermina otro a\u00f1o y las familias estamos todav\u00eda en la calle sin respuesta alguna, nos cansamos de tantas mentiras y reuniones sin efecto alguno, el intendente Fernando Gray nos prometi\u00f3 soluci\u00f3n y hoy en d\u00eda no nos atiende, incumple sus promesas en campa\u00f1a\u201d, advierte el texto, que aclara: \u201cNuestras familias no pueden esperar m\u00e1s\u201d.<\/p>\n\n\n\n<p>Seg\u00fan anunciaron, la protesta \u2013 que se instal\u00f3 frente a la sede del municipio, ubicado en la avenida Sof\u00eda Terrero de Santamarina 455 de Monte Grande- \u201ccontinuar\u00e1 hasta que se encuentre una soluci\u00f3n definitiva a nuestro conflicto\u201d. Se\u00f1alaron, asimismo, que los d\u00edas de dure el acampe se realizar\u00e1n ollas populares.<\/p>\n\n\n\n<p>Los trabajadores de Cresta Roja vienen manteniendo un largo conflicto que comenz\u00f3 en 2016 en defensa de los puestos de trabajo, cuando el ex presidente Macri, junto a la ex gobernadora Mar\u00eda Eugenia Vidal, les prometieron en un acto p\u00fablico la reactivaci\u00f3n de la planta ubicada en el partido bonaerense de Esteban Echeverr\u00eda. \u201cYa han pasado m\u00e1s de cinco a\u00f1os y nosotros seguimos en la calle con nuestras familias\u201d, lamentan.<\/p>\n","protected":false},"excerpt":{"rendered":"<p>\u00abTermina otro a\u00f1o y las familias estamos todav\u00eda en la calle sin respuesta alguna\u00bb, aseguraron. Trabajadores despedidos de Cresta Roja realizaban este lunes una nueva protesta frente a la Municipalidad de Esteban Echeverr\u00eda en reclamo de \u201cuna soluci\u00f3n urgente\u201d para los 2000 puestos que se perdieron durante la gesti\u00f3n del ex presidente Mauricio Macri. \u201cDespu\u00e9s&hellip;<\/p>\n","protected":false},"author":1,"featured_media":101268,"comment_status":"open","ping_status":"open","sticky":false,"template":"","format":"standard","meta":{"footnotes":""},"categories":[25],"tags":[835,19744,2450,1291,34018,125],"class_list":["post-101267","post","type-post","status-publish","format-standard","has-post-thumbnail","hentry","category-sociedad","tag-acampe","tag-cresta-roja","tag-diario-el-sindical","tag-familias","tag-municipalidad-esteban-echeverria","tag-trabajadores"],"_links":{"self":[{"href":"https:\/\/www.elsindical.com.ar\/notas\/wp-json\/wp\/v2\/posts\/101267","targetHints":{"allow":["GET"]}}],"collection":[{"href":"https:\/\/www.elsindical.com.ar\/notas\/wp-json\/wp\/v2\/posts"}],"about":[{"href":"https:\/\/www.elsindical.com.ar\/notas\/wp-json\/wp\/v2\/types\/post"}],"author":[{"embeddable":true,"href":"https:\/\/www.elsindical.com.ar\/notas\/wp-json\/wp\/v2\/users\/1"}],"replies":[{"embeddable":true,"href":"https:\/\/www.elsindical.com.ar\/notas\/wp-json\/wp\/v2\/comments?post=101267"}],"version-history":[{"count":1,"href":"https:\/\/www.elsindical.com.ar\/notas\/wp-json\/wp\/v2\/posts\/101267\/revisions"}],"predecessor-version":[{"id":101269,"href":"https:\/\/www.elsindical.com.ar\/notas\/wp-json\/wp\/v2\/posts\/101267\/revisions\/101269"}],"wp:featuredmedia":[{"embeddable":true,"href":"https:\/\/www.elsindical.com.ar\/notas\/wp-json\/wp\/v2\/media\/101268"}],"wp:attachment":[{"href":"https:\/\/www.elsindical.com.ar\/notas\/wp-json\/wp\/v2\/media?parent=101267"}],"wp:term":[{"taxonomy":"category","embeddable":true,"href":"https:\/\/www.elsindical.com.ar\/notas\/wp-json\/wp\/v2\/categories?post=101267"},{"taxonomy":"post_tag","embeddable":true,"href":"https:\/\/www.elsindical.com.ar\/notas\/wp-json\/wp\/v2\/tags?post=101267"}],"curies":[{"name":"wp","href":"https:\/\/api.w.org\/{rel}","templated":true}]}}