{"id":101141,"date":"2020-12-22T00:11:15","date_gmt":"2020-12-22T03:11:15","guid":{"rendered":"https:\/\/www.elsindical.com.ar\/notas\/?p=101141"},"modified":"2020-12-22T00:11:16","modified_gmt":"2020-12-22T03:11:16","slug":"hay-el-doble-de-poblacion-que-debieran-tener-los-penales-advirtieron-jueces-bonaerenses","status":"publish","type":"post","link":"https:\/\/www.elsindical.com.ar\/notas\/hay-el-doble-de-poblacion-que-debieran-tener-los-penales-advirtieron-jueces-bonaerenses\/","title":{"rendered":"\u201cHay el doble de poblaci\u00f3n que debieran tener los penales\u201d, advirtieron jueces bonaerenses"},"content":{"rendered":"\n<figure class=\"wp-block-image size-large\"><a href=\"https:\/\/www.elsindical.com.ar\/notas\/var\/www\/html\/notas\/wp-content\/uploads\/2020\/09\/superpoblacion-carcelaria-informe-CPM.jpg\"><img loading=\"lazy\" decoding=\"async\" width=\"1024\" height=\"576\" src=\"https:\/\/www.elsindical.com.ar\/notas\/var\/www\/html\/notas\/wp-content\/uploads\/2020\/09\/superpoblacion-carcelaria-informe-CPM-1024x576.jpg\" alt=\"\" class=\"wp-image-98832\" srcset=\"https:\/\/www.elsindical.com.ar\/notas\/var\/www\/html\/notas\/wp-content\/uploads\/2020\/09\/superpoblacion-carcelaria-informe-CPM-1024x576.jpg 1024w, https:\/\/www.elsindical.com.ar\/notas\/var\/www\/html\/notas\/wp-content\/uploads\/2020\/09\/superpoblacion-carcelaria-informe-CPM-300x169.jpg 300w, https:\/\/www.elsindical.com.ar\/notas\/var\/www\/html\/notas\/wp-content\/uploads\/2020\/09\/superpoblacion-carcelaria-informe-CPM-768x432.jpg 768w, https:\/\/www.elsindical.com.ar\/notas\/var\/www\/html\/notas\/wp-content\/uploads\/2020\/09\/superpoblacion-carcelaria-informe-CPM-500x281.jpg 500w, https:\/\/www.elsindical.com.ar\/notas\/var\/www\/html\/notas\/wp-content\/uploads\/2020\/09\/superpoblacion-carcelaria-informe-CPM-460x260.jpg 460w, https:\/\/www.elsindical.com.ar\/notas\/var\/www\/html\/notas\/wp-content\/uploads\/2020\/09\/superpoblacion-carcelaria-informe-CPM.jpg 1200w\" sizes=\"auto, (max-width: 1024px) 100vw, 1024px\" \/><\/a><\/figure>\n\n\n\n<p>A partir de un informe elaborado por la Red de Jueces Penales Bonaerenses, se determin\u00f3 que la crisis de sanidad dentro del servicio penitenciario y la pandemia de Covid-19 constituyen un \u201cc\u00f3ctel explosivo que es preciso desarticular\u201d. La organizaci\u00f3n sostuvo que\u00a0 a pesar de la pandemia en el fuero penal el trabajo producido fue muy similar al del 2019.\u00a0<\/p>\n\n\n\n<p>Jorge L\u00f3pez, vicepresidente de la Red de Jueces Penales y juez de Garant\u00edas de Lomas de Zamora, afirm\u00f3: \u201cTenemos el doble de poblaci\u00f3n de lo que deber\u00edan tener las c\u00e1rceles. Creo que para abordar este tema necesitamos una mirada multidisciplinaria y debemos preguntarnos para qu\u00e9 encarcelar, la funci\u00f3n de la c\u00e1rcel y hacia d\u00f3nde queremos ir\u201d.<\/p>\n\n\n\n<p>Se estima que son casi 50 mil presos, de los cuales 45 mil permanecen encerrados en unidades penitenciarias cuando hay cupo solo para 24 mil internos. Y son m\u00e1s de 4 mil las personas en dependencias policiales, los cuales cuentan con una capacidad m\u00e1xima de mil.<\/p>\n\n\n\n<p>En este sentido, L\u00f3pez consider\u00f3 que la superpoblaci\u00f3n en las c\u00e1rceles genera que las comisar\u00edas est\u00e9n igual porque no pueden ser trasladados por falta de cupos. \u201cEs peligroso porque tenemos mini alcald\u00edas con personas que no est\u00e1n formadas para el tratamiento con detenidos a largo plazo, eso genera una carencia de efectivos policiales que deben realizar otras tareas\u201d, asegur\u00f3 el juez.<\/p>\n\n\n\n<p>Pocos d\u00edas antes del decreto de Aislamiento Social Preventivo y Obligatorio (ASPO), se hab\u00eda informado sobre la situaci\u00f3n en los contextos de encierro en el \u00e1mbito provincial, que constitu\u00eda un foco de propagaci\u00f3n de enfermedades.<\/p>\n\n\n\n<p>En ese momento el poder judicial inst\u00f3 a los otros poderes a realizar algunas medidas para mejorar las condiciones de vida en las c\u00e1rceles y tambi\u00e9n se tuvo en cuenta el c\u00f3digo de procedimiento para mantener la detenci\u00f3n fuera del \u00e1mbito carcelario en un domicilio por monitoreo electr\u00f3nico.&nbsp;<\/p>\n\n\n\n<p>Con respecto a los enfermos por Covid-19 en el Conurbano Sur, L\u00f3pez argument\u00f3 que se vio un \u201cbajo nivel de afectados en personas de encierro en comisar\u00edas\u201d y que en un principio se respet\u00f3 los protocolos difundidos por la OMS. \u201cHubo tres personas del personal policial fallecidos, un detenido por Covid que ten\u00eda enfermedades preexistentes en zona sur y en el servicio penitenciario hubo afectados pero no muertos\u201d, asever\u00f3.<\/p>\n\n\n\n<p>Seg\u00fan lo relatado, en Almirante Brown hubo una \u201cbuena forma de trabajo\u201d porque se hicieron capacitaciones a todo el personal policial para acatar los protocolos.<\/p>\n\n\n\n<p>\u201cBrown arm\u00f3 una comisar\u00eda para tener los aislamientos de 14 d\u00edas y despu\u00e9s hacer traslados. Y el d\u00eda del mot\u00edn en octubre en Lomas se arm\u00f3 un hospital de campa\u00f1a hasta que se arme un hospital que est\u00e1 proyectado en la Unidad 40\u201d, destac\u00f3 el vicepresidente de la Red de Jueces Penales.<\/p>\n","protected":false},"excerpt":{"rendered":"<p>A partir de un informe elaborado por la Red de Jueces Penales Bonaerenses, se determin\u00f3 que la crisis de sanidad dentro del servicio penitenciario y la pandemia de Covid-19 constituyen un \u201cc\u00f3ctel explosivo que es preciso desarticular\u201d. La organizaci\u00f3n sostuvo que\u00a0 a pesar de la pandemia en el fuero penal el trabajo producido fue muy&hellip;<\/p>\n","protected":false},"author":1,"featured_media":98832,"comment_status":"open","ping_status":"open","sticky":false,"template":"","format":"standard","meta":{"footnotes":""},"categories":[19],"tags":[32627,390,2450,16885,31256,32032],"class_list":["post-101141","post","type-post","status-publish","format-standard","has-post-thumbnail","hentry","category-intramuros","tag-covid-19","tag-crisis","tag-diario-el-sindical","tag-juez-jorge-lopez","tag-red-de-jueces-penales-bonaerenses","tag-superpoblacion-carcelaria"],"_links":{"self":[{"href":"https:\/\/www.elsindical.com.ar\/notas\/wp-json\/wp\/v2\/posts\/101141","targetHints":{"allow":["GET"]}}],"collection":[{"href":"https:\/\/www.elsindical.com.ar\/notas\/wp-json\/wp\/v2\/posts"}],"about":[{"href":"https:\/\/www.elsindical.com.ar\/notas\/wp-json\/wp\/v2\/types\/post"}],"author":[{"embeddable":true,"href":"https:\/\/www.elsindical.com.ar\/notas\/wp-json\/wp\/v2\/users\/1"}],"replies":[{"embeddable":true,"href":"https:\/\/www.elsindical.com.ar\/notas\/wp-json\/wp\/v2\/comments?post=101141"}],"version-history":[{"count":1,"href":"https:\/\/www.elsindical.com.ar\/notas\/wp-json\/wp\/v2\/posts\/101141\/revisions"}],"predecessor-version":[{"id":101142,"href":"https:\/\/www.elsindical.com.ar\/notas\/wp-json\/wp\/v2\/posts\/101141\/revisions\/101142"}],"wp:featuredmedia":[{"embeddable":true,"href":"https:\/\/www.elsindical.com.ar\/notas\/wp-json\/wp\/v2\/media\/98832"}],"wp:attachment":[{"href":"https:\/\/www.elsindical.com.ar\/notas\/wp-json\/wp\/v2\/media?parent=101141"}],"wp:term":[{"taxonomy":"category","embeddable":true,"href":"https:\/\/www.elsindical.com.ar\/notas\/wp-json\/wp\/v2\/categories?post=101141"},{"taxonomy":"post_tag","embeddable":true,"href":"https:\/\/www.elsindical.com.ar\/notas\/wp-json\/wp\/v2\/tags?post=101141"}],"curies":[{"name":"wp","href":"https:\/\/api.w.org\/{rel}","templated":true}]}}