{"id":101130,"date":"2020-12-21T23:32:11","date_gmt":"2020-12-22T02:32:11","guid":{"rendered":"https:\/\/www.elsindical.com.ar\/notas\/?p=101130"},"modified":"2020-12-21T23:32:12","modified_gmt":"2020-12-22T02:32:12","slug":"petroleros-ratifican-movilizacion-al-ministerio-de-economia","status":"publish","type":"post","link":"https:\/\/www.elsindical.com.ar\/notas\/petroleros-ratifican-movilizacion-al-ministerio-de-economia\/","title":{"rendered":"Petroleros ratifican movilizaci\u00f3n al ministerio de Econom\u00eda"},"content":{"rendered":"\n<figure class=\"wp-block-image size-large\"><a href=\"https:\/\/www.elsindical.com.ar\/notas\/var\/www\/html\/notas\/wp-content\/uploads\/2020\/12\/petroleros.jpg\"><img loading=\"lazy\" decoding=\"async\" width=\"1024\" height=\"683\" src=\"https:\/\/www.elsindical.com.ar\/notas\/var\/www\/html\/notas\/wp-content\/uploads\/2020\/12\/petroleros-1024x683.jpg\" alt=\"\" class=\"wp-image-101056\" srcset=\"https:\/\/www.elsindical.com.ar\/notas\/var\/www\/html\/notas\/wp-content\/uploads\/2020\/12\/petroleros-1024x683.jpg 1024w, https:\/\/www.elsindical.com.ar\/notas\/var\/www\/html\/notas\/wp-content\/uploads\/2020\/12\/petroleros-300x200.jpg 300w, https:\/\/www.elsindical.com.ar\/notas\/var\/www\/html\/notas\/wp-content\/uploads\/2020\/12\/petroleros-768x512.jpg 768w, https:\/\/www.elsindical.com.ar\/notas\/var\/www\/html\/notas\/wp-content\/uploads\/2020\/12\/petroleros-450x300.jpg 450w, https:\/\/www.elsindical.com.ar\/notas\/var\/www\/html\/notas\/wp-content\/uploads\/2020\/12\/petroleros.jpg 1200w\" sizes=\"auto, (max-width: 1024px) 100vw, 1024px\" \/><\/a><\/figure>\n\n\n\n<p><strong>Petroleros ratifican movilizaci\u00f3n a Econom\u00eda por medidas para el sector de biocombustibles<\/strong><\/p>\n\n\n\n<p>Los gremios de la Federaci\u00f3n Argentina Sindical del Petr\u00f3leo, Gas y Biocombustibles (FASiPeGyBio) confirmaron la movilizaci\u00f3n este martes 22 al ministerio de Econom\u00eda de la Naci\u00f3n para exigir medidas ante la grave crisis que atraviesa el sector de biocombustible.<\/p>\n\n\n\n<p>Los trabajadores concentrar\u00e1n a las 13 horas en la sede sindical, en Avenida Caseros y Chacabuco, para marchar hacia la cartera de econom\u00eda, en Avenida Hip\u00f3lito Yrigoyen y Balcarce de la Capital Federal.<\/p>\n\n\n\n<p>La conducci\u00f3n de la FASiPeGyBio, al mando de Pedro Milla, entregar\u00e1 un petitorio al Secretario\u00a0de Energ\u00eda de la Naci\u00f3n, Dar\u00edo\u00a0Mart\u00ednez, para solicitar medidas a los fines de garantizar la continuidad de la actividad y el resguardo de 9000 empleos que hoy est\u00e1n en peligro.<\/p>\n\n\n\n<p>\u00abSe agotaron todas las instancias de negociaci\u00f3n y es urgente una respuesta integral a la problem\u00e1tica. Son miles de empleos los que est\u00e1n riesgo por discontinuar una pol\u00edtica iniciada en el gobierno de N\u00e9stor Kirchner\u00bb, se\u00f1al\u00f3 Milla.<\/p>\n\n\n\n<p>De la movilizaci\u00f3n participar\u00e1n dirigentes y trabajadores de C\u00f3rdoba, Santa Fe, Entre R\u00edos y Buenos Aires, las provincias m\u00e1s afectadas con inminente cierre de empresas pymes en su mayor\u00eda, creadas desde 2006 en el pa\u00eds.<br>La organizaci\u00f3n lleva m\u00e1s de un a\u00f1o reclamando un \u00abplan integral\u00bb para la actividad del biodiesel para evitar la quiebra de empresas, en su mayor\u00eda pymes.\u00a0<\/p>\n\n\n\n<p>El problema es la imposibilidad de las firmas para conseguir un valor acorde de la materia prima y que el negocio se vuelva rentable.<\/p>\n","protected":false},"excerpt":{"rendered":"<p>Petroleros ratifican movilizaci\u00f3n a Econom\u00eda por medidas para el sector de biocombustibles Los gremios de la Federaci\u00f3n Argentina Sindical del Petr\u00f3leo, Gas y Biocombustibles (FASiPeGyBio) confirmaron la movilizaci\u00f3n este martes 22 al ministerio de Econom\u00eda de la Naci\u00f3n para exigir medidas ante la grave crisis que atraviesa el sector de biocombustible. Los trabajadores concentrar\u00e1n a&hellip;<\/p>\n","protected":false},"author":1,"featured_media":101056,"comment_status":"open","ping_status":"open","sticky":false,"template":"","format":"standard","meta":{"footnotes":""},"categories":[16],"tags":[2450,30924,22028,3006,5809],"class_list":["post-101130","post","type-post","status-publish","format-standard","has-post-thumbnail","hentry","category-gremiales","tag-diario-el-sindical","tag-fasipegybio","tag-gremiales","tag-ministerio-de-economia","tag-petroleros"],"_links":{"self":[{"href":"https:\/\/www.elsindical.com.ar\/notas\/wp-json\/wp\/v2\/posts\/101130","targetHints":{"allow":["GET"]}}],"collection":[{"href":"https:\/\/www.elsindical.com.ar\/notas\/wp-json\/wp\/v2\/posts"}],"about":[{"href":"https:\/\/www.elsindical.com.ar\/notas\/wp-json\/wp\/v2\/types\/post"}],"author":[{"embeddable":true,"href":"https:\/\/www.elsindical.com.ar\/notas\/wp-json\/wp\/v2\/users\/1"}],"replies":[{"embeddable":true,"href":"https:\/\/www.elsindical.com.ar\/notas\/wp-json\/wp\/v2\/comments?post=101130"}],"version-history":[{"count":1,"href":"https:\/\/www.elsindical.com.ar\/notas\/wp-json\/wp\/v2\/posts\/101130\/revisions"}],"predecessor-version":[{"id":101131,"href":"https:\/\/www.elsindical.com.ar\/notas\/wp-json\/wp\/v2\/posts\/101130\/revisions\/101131"}],"wp:featuredmedia":[{"embeddable":true,"href":"https:\/\/www.elsindical.com.ar\/notas\/wp-json\/wp\/v2\/media\/101056"}],"wp:attachment":[{"href":"https:\/\/www.elsindical.com.ar\/notas\/wp-json\/wp\/v2\/media?parent=101130"}],"wp:term":[{"taxonomy":"category","embeddable":true,"href":"https:\/\/www.elsindical.com.ar\/notas\/wp-json\/wp\/v2\/categories?post=101130"},{"taxonomy":"post_tag","embeddable":true,"href":"https:\/\/www.elsindical.com.ar\/notas\/wp-json\/wp\/v2\/tags?post=101130"}],"curies":[{"name":"wp","href":"https:\/\/api.w.org\/{rel}","templated":true}]}}