{"id":101050,"date":"2020-12-17T10:18:16","date_gmt":"2020-12-17T13:18:16","guid":{"rendered":"https:\/\/www.elsindical.com.ar\/notas\/?p=101050"},"modified":"2020-12-17T10:18:17","modified_gmt":"2020-12-17T13:18:17","slug":"instagram-pone-fin-al-spam-ya-no-se-pondran-compartir-publicaciones-como-stories","status":"publish","type":"post","link":"https:\/\/www.elsindical.com.ar\/notas\/instagram-pone-fin-al-spam-ya-no-se-pondran-compartir-publicaciones-como-stories\/","title":{"rendered":"Instagram pone fin al spam: ya no se pondr\u00e1n compartir publicaciones como Stories"},"content":{"rendered":"\n<figure class=\"wp-block-image size-large\"><a href=\"https:\/\/www.elsindical.com.ar\/notas\/var\/www\/html\/notas\/wp-content\/uploads\/2020\/12\/Instragram-gen.jpg\"><img loading=\"lazy\" decoding=\"async\" width=\"800\" height=\"445\" src=\"https:\/\/www.elsindical.com.ar\/notas\/var\/www\/html\/notas\/wp-content\/uploads\/2020\/12\/Instragram-gen.jpg\" alt=\"\" class=\"wp-image-101051\" srcset=\"https:\/\/www.elsindical.com.ar\/notas\/var\/www\/html\/notas\/wp-content\/uploads\/2020\/12\/Instragram-gen.jpg 800w, https:\/\/www.elsindical.com.ar\/notas\/var\/www\/html\/notas\/wp-content\/uploads\/2020\/12\/Instragram-gen-300x167.jpg 300w, https:\/\/www.elsindical.com.ar\/notas\/var\/www\/html\/notas\/wp-content\/uploads\/2020\/12\/Instragram-gen-768x427.jpg 768w, https:\/\/www.elsindical.com.ar\/notas\/var\/www\/html\/notas\/wp-content\/uploads\/2020\/12\/Instragram-gen-500x278.jpg 500w\" sizes=\"auto, (max-width: 800px) 100vw, 800px\" \/><\/a><\/figure>\n\n\n\n<p>La red social de fotos, videos y transmisiones en vivo ha restringido algunas funciones para sus usuarios<\/p>\n\n\n\n<p><strong>Facebook Inc.<\/strong> ha concretado actualizaciones en sus redes sociales, tanto en<strong> Instagram <\/strong>como en Facebook, notificando de algunos cambios a sus usuarios, con lo que algunos estar\u00e1n contentos, y otros no tanto.<\/p>\n\n\n\n<p>La compa\u00f1\u00eda tecnol\u00f3gica ahora restringir\u00e1 la actividad que los internautas puedan compartir en sus Stories, ya que desde ahora no se podr\u00e1 publicar un posteo normal en la secuencia de las populares historias que desaparecen despu\u00e9s de 24 horas.<\/p>\n\n\n\n<p><strong>\u00abEstamos probando un cambio en la manera de compartir el contenido en las historias\u00bb.<\/strong> As\u00ed comenz\u00f3 anunciando esta nueva modalidad la plataforma de Instagram, complementando que <strong>\u00abgracias a las opiniones de los miembros de nuestra comunidad, sabemos que quieren ver menos publicaciones del feed en las historias. Durante esta prueba, no podr\u00e1s agregar publicaciones del feed a tu historia\u00bb.<\/strong><\/p>\n\n\n\n<p>Por el momento, la red social obligar\u00e1 a sus creadores de contenido a ser m\u00e1s creativos en la manera en la que comparten sus Stories, as\u00ed como variar en los formatos de publicaci\u00f3n en esta instancia digital.<\/p>\n\n\n\n<p>Ahora bien, no se sabe a ciencia cierta si es que este cambio se mantendr\u00e1 con el paso del tiempo, o tal como dice el enunciado, son pruebas que se realizaron gracias a las opiniones de los usuarios.<\/p>\n\n\n\n<p>Por su parte, Facebook \u2014que tambi\u00e9n actualiz\u00f3 sus t\u00e9rminos\u2014 le est\u00e1 solicitando a los creadores de contenido verificar sus n\u00fameros de tel\u00e9fono para validad el lugar de residencia de quienes manejan perfiles populares.<\/p>\n","protected":false},"excerpt":{"rendered":"<p>La red social de fotos, videos y transmisiones en vivo ha restringido algunas funciones para sus usuarios Facebook Inc. ha concretado actualizaciones en sus redes sociales, tanto en Instagram como en Facebook, notificando de algunos cambios a sus usuarios, con lo que algunos estar\u00e1n contentos, y otros no tanto. La compa\u00f1\u00eda tecnol\u00f3gica ahora restringir\u00e1 la&hellip;<\/p>\n","protected":false},"author":1,"featured_media":101051,"comment_status":"open","ping_status":"open","sticky":false,"template":"","format":"standard","meta":{"footnotes":""},"categories":[29],"tags":[2450,14336,28640,2605,33979],"class_list":["post-101050","post","type-post","status-publish","format-standard","has-post-thumbnail","hentry","category-informatica","tag-diario-el-sindical","tag-instagram","tag-publicaciones","tag-redes-sociales","tag-spam"],"_links":{"self":[{"href":"https:\/\/www.elsindical.com.ar\/notas\/wp-json\/wp\/v2\/posts\/101050","targetHints":{"allow":["GET"]}}],"collection":[{"href":"https:\/\/www.elsindical.com.ar\/notas\/wp-json\/wp\/v2\/posts"}],"about":[{"href":"https:\/\/www.elsindical.com.ar\/notas\/wp-json\/wp\/v2\/types\/post"}],"author":[{"embeddable":true,"href":"https:\/\/www.elsindical.com.ar\/notas\/wp-json\/wp\/v2\/users\/1"}],"replies":[{"embeddable":true,"href":"https:\/\/www.elsindical.com.ar\/notas\/wp-json\/wp\/v2\/comments?post=101050"}],"version-history":[{"count":1,"href":"https:\/\/www.elsindical.com.ar\/notas\/wp-json\/wp\/v2\/posts\/101050\/revisions"}],"predecessor-version":[{"id":101052,"href":"https:\/\/www.elsindical.com.ar\/notas\/wp-json\/wp\/v2\/posts\/101050\/revisions\/101052"}],"wp:featuredmedia":[{"embeddable":true,"href":"https:\/\/www.elsindical.com.ar\/notas\/wp-json\/wp\/v2\/media\/101051"}],"wp:attachment":[{"href":"https:\/\/www.elsindical.com.ar\/notas\/wp-json\/wp\/v2\/media?parent=101050"}],"wp:term":[{"taxonomy":"category","embeddable":true,"href":"https:\/\/www.elsindical.com.ar\/notas\/wp-json\/wp\/v2\/categories?post=101050"},{"taxonomy":"post_tag","embeddable":true,"href":"https:\/\/www.elsindical.com.ar\/notas\/wp-json\/wp\/v2\/tags?post=101050"}],"curies":[{"name":"wp","href":"https:\/\/api.w.org\/{rel}","templated":true}]}}