{"id":100981,"date":"2020-12-15T12:34:46","date_gmt":"2020-12-15T15:34:46","guid":{"rendered":"https:\/\/www.elsindical.com.ar\/notas\/?p=100981"},"modified":"2020-12-15T12:34:46","modified_gmt":"2020-12-15T15:34:46","slug":"avellaneda-tres-nuevos-muertos-por-covid-19","status":"publish","type":"post","link":"https:\/\/www.elsindical.com.ar\/notas\/avellaneda-tres-nuevos-muertos-por-covid-19\/","title":{"rendered":"Avellaneda: Tres nuevos muertos por Covid-19"},"content":{"rendered":"\n<figure class=\"wp-block-image size-large\"><a href=\"https:\/\/www.elsindical.com.ar\/notas\/var\/www\/html\/notas\/wp-content\/uploads\/2020\/12\/muertes-comparativa-14-dic.jpg\"><img loading=\"lazy\" decoding=\"async\" width=\"714\" height=\"517\" src=\"https:\/\/www.elsindical.com.ar\/notas\/var\/www\/html\/notas\/wp-content\/uploads\/2020\/12\/muertes-comparativa-14-dic.jpg\" alt=\"\" class=\"wp-image-100982\" srcset=\"https:\/\/www.elsindical.com.ar\/notas\/var\/www\/html\/notas\/wp-content\/uploads\/2020\/12\/muertes-comparativa-14-dic.jpg 714w, https:\/\/www.elsindical.com.ar\/notas\/var\/www\/html\/notas\/wp-content\/uploads\/2020\/12\/muertes-comparativa-14-dic-300x217.jpg 300w, https:\/\/www.elsindical.com.ar\/notas\/var\/www\/html\/notas\/wp-content\/uploads\/2020\/12\/muertes-comparativa-14-dic-414x300.jpg 414w\" sizes=\"auto, (max-width: 714px) 100vw, 714px\" \/><\/a><\/figure>\n\n\n\n<p class=\"wp-block-paragraph\">Ya son 714 las v\u00edctimas fatales en el distrito desde el inicio de la pandemia.<\/p>\n\n\n\n<p class=\"wp-block-paragraph\">El Ministerio de Salud de la provincia de Buenos Aires registr\u00f3 tres nuevos fallecidos por coronavirus en Avellaneda, de manera tal que ya son 714 las v\u00edctimas fatales en el distrito desde el inicio de la pandemia.<\/p>\n\n\n\n<p class=\"wp-block-paragraph\">En este sentido, se informaron 14 nuevos contagios en las \u00faltimas horas, por lo que asciende a 18.197 el n\u00famero total de infectados en Avellaneda. Son 16.070 los vecinos que lograron recuperarse.<\/p>\n\n\n\n<p class=\"wp-block-paragraph\">La cartera sanitaria bonaerense inform\u00f3 que el 72,4 por ciento de los contagios fue por transmisi\u00f3n comunitaria, el 15,1 obedece a contacto estrecho, el 7,4 corresponde a trabajadores del \u00e1mbito de la salud, hay un 0,2 por ciento de casos importados y otro 4,8 por ciento bajo investigaci\u00f3n.<\/p>\n\n\n\n<figure class=\"wp-block-image size-large\"><a href=\"https:\/\/www.elsindical.com.ar\/notas\/var\/www\/html\/notas\/wp-content\/uploads\/2020\/12\/muertes-y-contagios-Avell-14-dic.jpg\"><img loading=\"lazy\" decoding=\"async\" width=\"1024\" height=\"1024\" src=\"https:\/\/www.elsindical.com.ar\/notas\/var\/www\/html\/notas\/wp-content\/uploads\/2020\/12\/muertes-y-contagios-Avell-14-dic-1024x1024.jpg\" alt=\"\" class=\"wp-image-100983\" srcset=\"https:\/\/www.elsindical.com.ar\/notas\/var\/www\/html\/notas\/wp-content\/uploads\/2020\/12\/muertes-y-contagios-Avell-14-dic-1024x1024.jpg 1024w, https:\/\/www.elsindical.com.ar\/notas\/var\/www\/html\/notas\/wp-content\/uploads\/2020\/12\/muertes-y-contagios-Avell-14-dic-300x300.jpg 300w, https:\/\/www.elsindical.com.ar\/notas\/var\/www\/html\/notas\/wp-content\/uploads\/2020\/12\/muertes-y-contagios-Avell-14-dic-150x150.jpg 150w, https:\/\/www.elsindical.com.ar\/notas\/var\/www\/html\/notas\/wp-content\/uploads\/2020\/12\/muertes-y-contagios-Avell-14-dic-768x768.jpg 768w, https:\/\/www.elsindical.com.ar\/notas\/var\/www\/html\/notas\/wp-content\/uploads\/2020\/12\/muertes-y-contagios-Avell-14-dic-50x50.jpg 50w, https:\/\/www.elsindical.com.ar\/notas\/var\/www\/html\/notas\/wp-content\/uploads\/2020\/12\/muertes-y-contagios-Avell-14-dic.jpg 1080w\" sizes=\"auto, (max-width: 1024px) 100vw, 1024px\" \/><\/a><\/figure>\n","protected":false},"excerpt":{"rendered":"<p>Ya son 714 las v\u00edctimas fatales en el distrito desde el inicio de la pandemia. El Ministerio de Salud de la provincia de Buenos Aires registr\u00f3 tres nuevos fallecidos por coronavirus en Avellaneda, de manera tal que ya son 714 las v\u00edctimas fatales en el distrito desde el inicio de la pandemia. En este sentido,&hellip;<\/p>\n","protected":false},"author":1,"featured_media":100982,"comment_status":"open","ping_status":"open","sticky":false,"template":"","format":"standard","meta":{"footnotes":""},"categories":[23],"tags":[461,19938,32346,32627,2450,134],"class_list":["post-100981","post","type-post","status-publish","format-standard","has-post-thumbnail","hentry","category-salud","tag-avellaneda","tag-contagios","tag-coronavirus","tag-covid-19","tag-diario-el-sindical","tag-muertes"],"_links":{"self":[{"href":"https:\/\/www.elsindical.com.ar\/notas\/wp-json\/wp\/v2\/posts\/100981","targetHints":{"allow":["GET"]}}],"collection":[{"href":"https:\/\/www.elsindical.com.ar\/notas\/wp-json\/wp\/v2\/posts"}],"about":[{"href":"https:\/\/www.elsindical.com.ar\/notas\/wp-json\/wp\/v2\/types\/post"}],"author":[{"embeddable":true,"href":"https:\/\/www.elsindical.com.ar\/notas\/wp-json\/wp\/v2\/users\/1"}],"replies":[{"embeddable":true,"href":"https:\/\/www.elsindical.com.ar\/notas\/wp-json\/wp\/v2\/comments?post=100981"}],"version-history":[{"count":1,"href":"https:\/\/www.elsindical.com.ar\/notas\/wp-json\/wp\/v2\/posts\/100981\/revisions"}],"predecessor-version":[{"id":100984,"href":"https:\/\/www.elsindical.com.ar\/notas\/wp-json\/wp\/v2\/posts\/100981\/revisions\/100984"}],"wp:featuredmedia":[{"embeddable":true,"href":"https:\/\/www.elsindical.com.ar\/notas\/wp-json\/wp\/v2\/media\/100982"}],"wp:attachment":[{"href":"https:\/\/www.elsindical.com.ar\/notas\/wp-json\/wp\/v2\/media?parent=100981"}],"wp:term":[{"taxonomy":"category","embeddable":true,"href":"https:\/\/www.elsindical.com.ar\/notas\/wp-json\/wp\/v2\/categories?post=100981"},{"taxonomy":"post_tag","embeddable":true,"href":"https:\/\/www.elsindical.com.ar\/notas\/wp-json\/wp\/v2\/tags?post=100981"}],"curies":[{"name":"wp","href":"https:\/\/api.w.org\/{rel}","templated":true}]}}