{"id":100978,"date":"2020-12-15T12:28:52","date_gmt":"2020-12-15T15:28:52","guid":{"rendered":"https:\/\/www.elsindical.com.ar\/notas\/?p=100978"},"modified":"2020-12-15T12:28:53","modified_gmt":"2020-12-15T15:28:53","slug":"la-provincia-de-buenos-aires-autoriza-fiestas-al-aire-libre-de-hasta-200-personas","status":"publish","type":"post","link":"https:\/\/www.elsindical.com.ar\/notas\/la-provincia-de-buenos-aires-autoriza-fiestas-al-aire-libre-de-hasta-200-personas\/","title":{"rendered":"La provincia de Buenos Aires autoriza fiestas al aire libre de hasta 200 personas"},"content":{"rendered":"\n<figure class=\"wp-block-image size-large\"><a href=\"https:\/\/www.elsindical.com.ar\/notas\/var\/www\/html\/notas\/wp-content\/uploads\/2020\/12\/festejos-gen.jpeg\"><img loading=\"lazy\" decoding=\"async\" width=\"730\" height=\"442\" src=\"https:\/\/www.elsindical.com.ar\/notas\/var\/www\/html\/notas\/wp-content\/uploads\/2020\/12\/festejos-gen.jpeg\" alt=\"\" class=\"wp-image-100979\" srcset=\"https:\/\/www.elsindical.com.ar\/notas\/var\/www\/html\/notas\/wp-content\/uploads\/2020\/12\/festejos-gen.jpeg 730w, https:\/\/www.elsindical.com.ar\/notas\/var\/www\/html\/notas\/wp-content\/uploads\/2020\/12\/festejos-gen-300x182.jpeg 300w, https:\/\/www.elsindical.com.ar\/notas\/var\/www\/html\/notas\/wp-content\/uploads\/2020\/12\/festejos-gen-495x300.jpeg 495w\" sizes=\"auto, (max-width: 730px) 100vw, 730px\" \/><\/a><\/figure>\n\n\n\n<p class=\"wp-block-paragraph\">El jefe de Gabinete bonaerense, Carlos Bianco, anunci\u00f3 que la administraci\u00f3n de Axel Kicillof autorizar\u00e1 las fiestas al aire libre de hasta 200 personas \u201ccon protocolos, distanciamiento y 30% del aforo del espacio permitido\u201d para desactivar los encuentros clandestinos.<\/p>\n\n\n\n<p class=\"wp-block-paragraph\">Durante una conferencia de prensa que encabez\u00f3 este martes por la &nbsp;ma\u00f1ana en la sede de la Gobernaci\u00f3n, en La Plata, el funcionario adelant\u00f3 que la administraci\u00f3n provincial trabaja en un protocolo en ese sentido que ser\u00e1 presentado \u201cesta semana\u201d.<\/p>\n\n\n\n<p class=\"wp-block-paragraph\">\u201cHace d\u00edas que venimos trabajando con intendentes y con el Ministerio de Seguridad para desactivar las fiestas clandestinas. Para descomprimir esto vamos a presentar esta semana un protocolo para espacios de entrenamiento nocturno\u201d, resalt\u00f3 Bianco.<\/p>\n\n\n\n<p class=\"wp-block-paragraph\">As\u00ed, detall\u00f3 que el protocolo propiciar\u00e1 una serie de cuidados para los j\u00f3venes que asistan a las reuniones, que deber\u00e1n llevarse a cabo en espacios al aire libre, con una capacidad m\u00e1xima de 200 personas y un 30% de aforo del espacio permitido.<\/p>\n\n\n\n<p class=\"wp-block-paragraph\">En ese sentido, el jefe de Gabinete bonaerense propuso a los adolescentes que intenten \u201cevitar compartir vasos\u201d, que usen \u201ctodo el tiempo posible tapabocas y nariz\u201d y que aseguren \u201cel distanciamiento entre las personas\u201d.<\/p>\n\n\n\n<p class=\"wp-block-paragraph\">\u201cEsta es una posibilidad para que los j\u00f3venes puedan disfrutar actividades al aire libre y evitar fiestas masivas ilegales de 2.000 personas, sin controles, ni cuidados. Estamos d\u00e1ndole a la situaci\u00f3n una salida racional\u201d, plante\u00f3.<\/p>\n\n\n\n<p class=\"wp-block-paragraph\">Fuentes de la Gobernaci\u00f3n especificaron a T\u00e9lam que el control del cumplimiento de los protocolos, de los horarios de apertura y cierre ser\u00e1 responsabilidad de cada intendente.<\/p>\n","protected":false},"excerpt":{"rendered":"<p>El jefe de Gabinete bonaerense, Carlos Bianco, anunci\u00f3 que la administraci\u00f3n de Axel Kicillof autorizar\u00e1 las fiestas al aire libre de hasta 200 personas \u201ccon protocolos, distanciamiento y 30% del aforo del espacio permitido\u201d para desactivar los encuentros clandestinos. Durante una conferencia de prensa que encabez\u00f3 este martes por la &nbsp;ma\u00f1ana en la sede de&hellip;<\/p>\n","protected":false},"author":1,"featured_media":100979,"comment_status":"open","ping_status":"open","sticky":false,"template":"","format":"standard","meta":{"footnotes":""},"categories":[13],"tags":[13798,32096,2450,1296,2557],"class_list":["post-100978","post","type-post","status-publish","format-standard","has-post-thumbnail","hentry","category-politica","tag-axel-kicillof","tag-carlos-bianco","tag-diario-el-sindical","tag-fiestas","tag-gobierno-de-la-provincia-de-buenos-aires"],"_links":{"self":[{"href":"https:\/\/www.elsindical.com.ar\/notas\/wp-json\/wp\/v2\/posts\/100978","targetHints":{"allow":["GET"]}}],"collection":[{"href":"https:\/\/www.elsindical.com.ar\/notas\/wp-json\/wp\/v2\/posts"}],"about":[{"href":"https:\/\/www.elsindical.com.ar\/notas\/wp-json\/wp\/v2\/types\/post"}],"author":[{"embeddable":true,"href":"https:\/\/www.elsindical.com.ar\/notas\/wp-json\/wp\/v2\/users\/1"}],"replies":[{"embeddable":true,"href":"https:\/\/www.elsindical.com.ar\/notas\/wp-json\/wp\/v2\/comments?post=100978"}],"version-history":[{"count":1,"href":"https:\/\/www.elsindical.com.ar\/notas\/wp-json\/wp\/v2\/posts\/100978\/revisions"}],"predecessor-version":[{"id":100980,"href":"https:\/\/www.elsindical.com.ar\/notas\/wp-json\/wp\/v2\/posts\/100978\/revisions\/100980"}],"wp:featuredmedia":[{"embeddable":true,"href":"https:\/\/www.elsindical.com.ar\/notas\/wp-json\/wp\/v2\/media\/100979"}],"wp:attachment":[{"href":"https:\/\/www.elsindical.com.ar\/notas\/wp-json\/wp\/v2\/media?parent=100978"}],"wp:term":[{"taxonomy":"category","embeddable":true,"href":"https:\/\/www.elsindical.com.ar\/notas\/wp-json\/wp\/v2\/categories?post=100978"},{"taxonomy":"post_tag","embeddable":true,"href":"https:\/\/www.elsindical.com.ar\/notas\/wp-json\/wp\/v2\/tags?post=100978"}],"curies":[{"name":"wp","href":"https:\/\/api.w.org\/{rel}","templated":true}]}}