{"id":100850,"date":"2020-12-09T09:33:12","date_gmt":"2020-12-09T12:33:12","guid":{"rendered":"https:\/\/www.elsindical.com.ar\/notas\/?p=100850"},"modified":"2020-12-09T09:33:12","modified_gmt":"2020-12-09T12:33:12","slug":"lanus-buscan-a-una-menor-desaparecida","status":"publish","type":"post","link":"https:\/\/www.elsindical.com.ar\/notas\/lanus-buscan-a-una-menor-desaparecida\/","title":{"rendered":"Lan\u00fas: Buscan a una menor desaparecida"},"content":{"rendered":"\n<figure class=\"wp-block-image size-large\"><a href=\"https:\/\/www.elsindical.com.ar\/notas\/var\/www\/html\/notas\/wp-content\/uploads\/2020\/12\/Kiara-Chmiel.jpeg\"><img loading=\"lazy\" decoding=\"async\" width=\"720\" height=\"544\" src=\"https:\/\/www.elsindical.com.ar\/notas\/var\/www\/html\/notas\/wp-content\/uploads\/2020\/12\/Kiara-Chmiel.jpeg\" alt=\"\" class=\"wp-image-100851\" srcset=\"https:\/\/www.elsindical.com.ar\/notas\/var\/www\/html\/notas\/wp-content\/uploads\/2020\/12\/Kiara-Chmiel.jpeg 720w, https:\/\/www.elsindical.com.ar\/notas\/var\/www\/html\/notas\/wp-content\/uploads\/2020\/12\/Kiara-Chmiel-300x227.jpeg 300w, https:\/\/www.elsindical.com.ar\/notas\/var\/www\/html\/notas\/wp-content\/uploads\/2020\/12\/Kiara-Chmiel-397x300.jpeg 397w\" sizes=\"auto, (max-width: 720px) 100vw, 720px\" \/><\/a><\/figure>\n\n\n\n<p>Una madre de Lan\u00fas Oeste busca a su hija de 16 a\u00f1os, Kiara Chmiel, quien desapareci\u00f3 hace una semana y a pesar de la investigaci\u00f3n se desconoce su paradero. Para sumar cualquier informaci\u00f3n hay que comunicarse al <strong>1132081819<\/strong>.<\/p>\n\n\n\n<p>Viviana, madre de la joven, cont\u00f3 que ya se hab\u00eda escapado otras veces del hogar y que esta vez le mand\u00f3 un mensaje dici\u00e9ndole que \u201cno la busque\u201d.<\/p>\n\n\n\n<p>\u201cMe desespera porque veo que no est\u00e1n haciendo nada, yo deje todo asentado y me dicen que est\u00e1n trabajando, me fui a la DDI de Avellaneda pero no me informan nada\u201d, alert\u00f3 la mujer.<\/p>\n\n\n\n<p>Momentos antes de su desaparici\u00f3n Kiara estuvo con una amiga y su padre en Lan\u00fas Oeste, y despu\u00e9s de irse de la casa de su amiga, no se pudo determinar el recorrido que hizo.&nbsp;<\/p>\n\n\n\n<p>La madre de Kiara sospecha de una persona cercana ya que, seg\u00fan cont\u00f3, en ocasiones anteriores la escondi\u00f3 y fue el \u00faltimo llamado que mantuvo la joven antes de desaparecer. Se hicieron rastrillajes por los domicilios de algunos allegados a la familia pero no se encontraron rastros de Kiara<\/p>\n\n\n\n<p>\u201cLa DDI verific\u00f3 que ella llam\u00f3 a este hombre y mantuvo un llamado de 37 segundos en el que le dice que ten\u00eda que verlo\u201d, afirm\u00f3 la madre de Kiara Chmiel&nbsp;<\/p>\n\n\n\n<p>Luego de enterarse de su desaparici\u00f3n, Viviana se dirigi\u00f3 al domicilio de esta persona, a quien denunci\u00f3 el 2 de noviembre y con anterioridad, pero en la casa no se encontraba. Seg\u00fan lo relatado, una vez que la mujer hizo la denuncia, la Polic\u00eda tambi\u00e9n revis\u00f3 la casa y lo llam\u00f3 para que declare, pero no se la encontr\u00f3 en el lugar.&nbsp;<\/p>\n\n\n\n<p>\u201c\u00c9l en su declaraci\u00f3n no dice que ella lo llam\u00f3 y yo no me puedo quedar esperando con el estamos trabajando, no puedo esperar que me devuelvan a mi hija en una bolsa. No quiero pensar mal pero quiero que aparezca\u201d, asever\u00f3.<\/p>\n","protected":false},"excerpt":{"rendered":"<p>Una madre de Lan\u00fas Oeste busca a su hija de 16 a\u00f1os, Kiara Chmiel, quien desapareci\u00f3 hace una semana y a pesar de la investigaci\u00f3n se desconoce su paradero. Para sumar cualquier informaci\u00f3n hay que comunicarse al 1132081819. Viviana, madre de la joven, cont\u00f3 que ya se hab\u00eda escapado otras veces del hogar y que&hellip;<\/p>\n","protected":false},"author":1,"featured_media":100851,"comment_status":"open","ping_status":"open","sticky":false,"template":"","format":"standard","meta":{"footnotes":""},"categories":[26],"tags":[22335,2450,33939,209,1812],"class_list":["post-100850","post","type-post","status-publish","format-standard","has-post-thumbnail","hentry","category-solidaridad","tag-ddi-avellaneda","tag-diario-el-sindical","tag-kiara-chmiel","tag-lanus","tag-paradero"],"_links":{"self":[{"href":"https:\/\/www.elsindical.com.ar\/notas\/wp-json\/wp\/v2\/posts\/100850","targetHints":{"allow":["GET"]}}],"collection":[{"href":"https:\/\/www.elsindical.com.ar\/notas\/wp-json\/wp\/v2\/posts"}],"about":[{"href":"https:\/\/www.elsindical.com.ar\/notas\/wp-json\/wp\/v2\/types\/post"}],"author":[{"embeddable":true,"href":"https:\/\/www.elsindical.com.ar\/notas\/wp-json\/wp\/v2\/users\/1"}],"replies":[{"embeddable":true,"href":"https:\/\/www.elsindical.com.ar\/notas\/wp-json\/wp\/v2\/comments?post=100850"}],"version-history":[{"count":1,"href":"https:\/\/www.elsindical.com.ar\/notas\/wp-json\/wp\/v2\/posts\/100850\/revisions"}],"predecessor-version":[{"id":100852,"href":"https:\/\/www.elsindical.com.ar\/notas\/wp-json\/wp\/v2\/posts\/100850\/revisions\/100852"}],"wp:featuredmedia":[{"embeddable":true,"href":"https:\/\/www.elsindical.com.ar\/notas\/wp-json\/wp\/v2\/media\/100851"}],"wp:attachment":[{"href":"https:\/\/www.elsindical.com.ar\/notas\/wp-json\/wp\/v2\/media?parent=100850"}],"wp:term":[{"taxonomy":"category","embeddable":true,"href":"https:\/\/www.elsindical.com.ar\/notas\/wp-json\/wp\/v2\/categories?post=100850"},{"taxonomy":"post_tag","embeddable":true,"href":"https:\/\/www.elsindical.com.ar\/notas\/wp-json\/wp\/v2\/tags?post=100850"}],"curies":[{"name":"wp","href":"https:\/\/api.w.org\/{rel}","templated":true}]}}