{"id":100848,"date":"2020-12-09T09:29:41","date_gmt":"2020-12-09T12:29:41","guid":{"rendered":"https:\/\/www.elsindical.com.ar\/notas\/?p=100848"},"modified":"2020-12-09T09:29:41","modified_gmt":"2020-12-09T12:29:41","slug":"efemerides-del-dia-9de-diciembre","status":"publish","type":"post","link":"https:\/\/www.elsindical.com.ar\/notas\/efemerides-del-dia-9de-diciembre\/","title":{"rendered":"EFEM\u00c9RIDES: DEL D\u00cdA 9DE DICIEMBRE"},"content":{"rendered":"\n<p>1916 &#8211; Nace en Nueva York el actor Kirk Douglas.<\/p>\n\n\n\n<p>1953 &#8211; Nace el actor estadounidense John Malkovich.<\/p>\n\n\n\n<p>1966 &#8211; La cadena de televisi\u00f3n NBC empieza a transmitir la serie Star Trek.<\/p>\n\n\n\n<p>1976 &#8211; Nace Dante Spinetta, cantante argentino.<\/p>\n\n\n\n<p>1978 &#8211; Nace Gast\u00f3n Gaudio, tenista argentino. <\/p>\n\n\n\n<p>1985 &#8211; La C\u00e1mara Federal condena a prisi\u00f3n perpetua a la Junta Militar.<\/p>\n\n\n\n<p>2019 &#8211; Muere Santiago Bal, actor, comediante, autor y director argentino de cine, teatro y televisi\u00f3n.<\/p>\n\n\n\n<p>2019 &#8211; Muere la sueca Marie Fredriksson, cantante de Roxette.<\/p>\n\n\n\n<p>Se celebra el D\u00eda Internacional contra la Corrupci\u00f3n.<\/p>\n\n\n\n<p>Se celebra el D\u00eda Internacional para la Conmemoraci\u00f3n y Dignificaci\u00f3n de las V\u00edctimas del Crimen de Genocidio y para la Prevenci\u00f3n de ese Crimen.<\/p>\n","protected":false},"excerpt":{"rendered":"<p>1916 &#8211; Nace en Nueva York el actor Kirk Douglas. 1953 &#8211; Nace el actor estadounidense John Malkovich. 1966 &#8211; La cadena de televisi\u00f3n NBC empieza a transmitir la serie Star Trek. 1976 &#8211; Nace Dante Spinetta, cantante argentino. 1978 &#8211; Nace Gast\u00f3n Gaudio, tenista argentino. 1985 &#8211; La C\u00e1mara Federal condena a prisi\u00f3n perpetua&hellip;<\/p>\n","protected":false},"author":1,"featured_media":0,"comment_status":"open","ping_status":"open","sticky":false,"template":"","format":"standard","meta":{"footnotes":""},"categories":[14],"tags":[2450,22026],"class_list":["post-100848","post","type-post","status-publish","format-standard","hentry","category-efemerides","tag-diario-el-sindical","tag-efemerides"],"_links":{"self":[{"href":"https:\/\/www.elsindical.com.ar\/notas\/wp-json\/wp\/v2\/posts\/100848","targetHints":{"allow":["GET"]}}],"collection":[{"href":"https:\/\/www.elsindical.com.ar\/notas\/wp-json\/wp\/v2\/posts"}],"about":[{"href":"https:\/\/www.elsindical.com.ar\/notas\/wp-json\/wp\/v2\/types\/post"}],"author":[{"embeddable":true,"href":"https:\/\/www.elsindical.com.ar\/notas\/wp-json\/wp\/v2\/users\/1"}],"replies":[{"embeddable":true,"href":"https:\/\/www.elsindical.com.ar\/notas\/wp-json\/wp\/v2\/comments?post=100848"}],"version-history":[{"count":1,"href":"https:\/\/www.elsindical.com.ar\/notas\/wp-json\/wp\/v2\/posts\/100848\/revisions"}],"predecessor-version":[{"id":100849,"href":"https:\/\/www.elsindical.com.ar\/notas\/wp-json\/wp\/v2\/posts\/100848\/revisions\/100849"}],"wp:attachment":[{"href":"https:\/\/www.elsindical.com.ar\/notas\/wp-json\/wp\/v2\/media?parent=100848"}],"wp:term":[{"taxonomy":"category","embeddable":true,"href":"https:\/\/www.elsindical.com.ar\/notas\/wp-json\/wp\/v2\/categories?post=100848"},{"taxonomy":"post_tag","embeddable":true,"href":"https:\/\/www.elsindical.com.ar\/notas\/wp-json\/wp\/v2\/tags?post=100848"}],"curies":[{"name":"wp","href":"https:\/\/api.w.org\/{rel}","templated":true}]}}