{"id":100841,"date":"2020-12-08T12:03:57","date_gmt":"2020-12-08T15:03:57","guid":{"rendered":"https:\/\/www.elsindical.com.ar\/notas\/?p=100841"},"modified":"2020-12-08T12:10:41","modified_gmt":"2020-12-08T15:10:41","slug":"yo-en-comercio-trucho-sucio-y-caro-en-gerli","status":"publish","type":"post","link":"https:\/\/www.elsindical.com.ar\/notas\/yo-en-comercio-trucho-sucio-y-caro-en-gerli\/","title":{"rendered":"Yo-En, comercio trucho, sucio y caro en Gerli"},"content":{"rendered":"\n<figure class=\"wp-block-image size-large\"><img loading=\"lazy\" decoding=\"async\" width=\"880\" height=\"1024\" src=\"https:\/\/www.elsindical.com.ar\/notas\/var\/www\/html\/notas\/wp-content\/uploads\/2020\/12\/almacen-YO-EN-880x1024.jpg\" alt=\"\" class=\"wp-image-100846\" srcset=\"https:\/\/www.elsindical.com.ar\/notas\/var\/www\/html\/notas\/wp-content\/uploads\/2020\/12\/almacen-YO-EN-880x1024.jpg 880w, https:\/\/www.elsindical.com.ar\/notas\/var\/www\/html\/notas\/wp-content\/uploads\/2020\/12\/almacen-YO-EN-258x300.jpg 258w, https:\/\/www.elsindical.com.ar\/notas\/var\/www\/html\/notas\/wp-content\/uploads\/2020\/12\/almacen-YO-EN-768x894.jpg 768w, https:\/\/www.elsindical.com.ar\/notas\/var\/www\/html\/notas\/wp-content\/uploads\/2020\/12\/almacen-YO-EN.jpg 974w\" sizes=\"auto, (max-width: 880px) 100vw, 880px\" \/><\/figure>\n\n\n\n<p>     Ya nada sorprende a los vecinos de Gerli en cuanto a la falta de controles municipales de los comercios de la zona, cualquiera abre un negocio, no factura lo que es un delito penal tributario y lo atiende como se le canta.<\/p>\n\n\n\n<p>El control de los comercios depende del subsecretario Marcelo Rey quien a demostrado solo tener capacidad para las mentiras en actos pol\u00edticos, no as\u00ed en el trabajo, a metros de la base de la Polic\u00eda Local de Gerli donde hacen base los Cuidadores Ciudadanos, los comercios funcionan en infracci\u00f3n y cometiendo delitos hace a\u00f1os.<\/p>\n\n\n\n<p>El \u00abalmac\u00e9n Yo-En\u00bb funcionaba en un local sobre la calle Heredia junto a la f\u00e1brica de pastas La Buena de Dios. due\u00f1os del local que abandon\u00f3 la se\u00f1ora Yolanda y que mud\u00f3 a la calle Heredia 1508, esquina Elizalde, a solo unos metros de donde alquilaba para transformar el garage en un comercio, violando todas las normativas de higiene para un almac\u00e9n y violando la Ley.<\/p>\n\n\n\n<p>Lo que adquiere relevancia es que el nombre YO-EN, hace referencia a Yolanda y su hijo Enrique Pinti, un muchacho con algunos \u00abproblemitas\u00bb de ubicaci\u00f3n social y pol\u00edtica, un d\u00eda es de extrema derecha y se vende como experto en inteligencia y comando militar, otro d\u00eda se viste de gaucho y se va al Congreso de la Naci\u00f3n a apoyar el campo, otro d\u00eda es amigo de Mauricio Macri, luego custodio y asesor de Daniel Scioli, ahora colaborador de Sergio Berni y se proclama en las redes sociales amigo personal del Fiscal General Guillermo Castro y su esposa la Jueza de C\u00e1mara Mariela Bonafini, con tantos amigos influyentes alguno deber\u00eda avisarle a Enrique que los compromete y mucho, porque los expone como c\u00f3mplices de sus infracciones y delitos, estimo que ninguno de los amigos de Pini avala la evasi\u00f3n tributaria, la falta de condiciones de higiene de un comercio que vende productos alimenticios, que pueden causar da\u00f1os en la salud.<\/p>\n\n\n\n<p>Llama la atenci\u00f3n que de su muro Enrique borr\u00f3 las fotos con su otro amigo judicial el ex juez Carzoglio.<\/p>\n\n\n\n<p>Enrique Pini nos demuestra que cualquiera, hasta un 4 de copas que es un cobarde, un monigote, con solo postear fotos y mensajes obtiene una especie de protecci\u00f3n, siempre viene bien en el mundo pol\u00edtico un mercenario que se venda al mejor postor, que no tenga muchas luces para cuestionar lo que se le pide, basta con leer sus publicaciones para notar que la ortograf\u00eda no es lo suyo. <\/p>\n\n\n\n<p>En lo personal hay cosas peores de este personaje que lo hacen repudiable, su inter\u00e9s en buscar menores de edad en boliches para invitarles tragos o luego subir fotos de ellas en las redes para alardear de sus \u00abamigas\u00bb, obvio antes de la pandemia, ahora es voluntario para testeos, porque tiene esas cosas, es una especie de Droopy, donde lo dejan est\u00e1.<\/p>\n\n\n\n<p>As\u00ed estamos, mientras a otros se los controla, sanciona, ponen trabas para habilitar un comercio, a otros los dejan que hagan lo que quieran, Avellaneda m\u00e1s impune que nunca.<\/p>\n\n\n\n<figure class=\"wp-block-gallery columns-1 is-cropped wp-block-gallery-1 is-layout-flex wp-block-gallery-is-layout-flex\"><ul class=\"blocks-gallery-grid\"><li class=\"blocks-gallery-item\"><figure><img loading=\"lazy\" decoding=\"async\" width=\"720\" height=\"720\" src=\"https:\/\/www.elsindical.com.ar\/notas\/var\/www\/html\/notas\/wp-content\/uploads\/2020\/12\/Enrique-Pini.jpg\" alt=\"\" data-id=\"100843\" data-full-url=\"https:\/\/www.elsindical.com.ar\/notas\/var\/www\/html\/notas\/wp-content\/uploads\/2020\/12\/Enrique-Pini.jpg\" data-link=\"https:\/\/www.elsindical.com.ar\/notas\/?attachment_id=100843#main\" class=\"wp-image-100843\" srcset=\"https:\/\/www.elsindical.com.ar\/notas\/var\/www\/html\/notas\/wp-content\/uploads\/2020\/12\/Enrique-Pini.jpg 720w, https:\/\/www.elsindical.com.ar\/notas\/var\/www\/html\/notas\/wp-content\/uploads\/2020\/12\/Enrique-Pini-300x300.jpg 300w, https:\/\/www.elsindical.com.ar\/notas\/var\/www\/html\/notas\/wp-content\/uploads\/2020\/12\/Enrique-Pini-150x150.jpg 150w, https:\/\/www.elsindical.com.ar\/notas\/var\/www\/html\/notas\/wp-content\/uploads\/2020\/12\/Enrique-Pini-50x50.jpg 50w\" sizes=\"auto, (max-width: 720px) 100vw, 720px\" \/><\/figure><\/li><li class=\"blocks-gallery-item\"><figure><img loading=\"lazy\" decoding=\"async\" width=\"501\" height=\"781\" src=\"https:\/\/www.elsindical.com.ar\/notas\/var\/www\/html\/notas\/wp-content\/uploads\/2020\/12\/publicacion-de-Enrique.jpg\" alt=\"\" data-id=\"100844\" data-full-url=\"https:\/\/www.elsindical.com.ar\/notas\/var\/www\/html\/notas\/wp-content\/uploads\/2020\/12\/publicacion-de-Enrique.jpg\" data-link=\"https:\/\/www.elsindical.com.ar\/notas\/?attachment_id=100844#main\" class=\"wp-image-100844\" srcset=\"https:\/\/www.elsindical.com.ar\/notas\/var\/www\/html\/notas\/wp-content\/uploads\/2020\/12\/publicacion-de-Enrique.jpg 501w, https:\/\/www.elsindical.com.ar\/notas\/var\/www\/html\/notas\/wp-content\/uploads\/2020\/12\/publicacion-de-Enrique-192x300.jpg 192w\" sizes=\"auto, (max-width: 501px) 100vw, 501px\" \/><\/figure><\/li><\/ul><\/figure>\n\n\n\n<p>Por Marcelo Ricardo Hawrylciw<\/p>\n","protected":false},"excerpt":{"rendered":"<p>Ya nada sorprende a los vecinos de Gerli en cuanto a la falta de controles municipales de los comercios de la zona, cualquiera abre un negocio, no factura lo que es un delito penal tributario y lo atiende como se le canta. El control de los comercios depende del subsecretario Marcelo Rey quien a demostrado&hellip;<\/p>\n","protected":false},"author":1,"featured_media":100846,"comment_status":"open","ping_status":"open","sticky":false,"template":"","format":"standard","meta":{"footnotes":""},"categories":[6,10],"tags":[10051,461,29797,2450,19900,17136,21958,33938,33936,33937],"class_list":["post-100841","post","type-post","status-publish","format-standard","has-post-thumbnail","hentry","category-denuncias","category-editorial","tag-almacen","tag-avellaneda","tag-cuidadores-ciudadanos","tag-diario-el-sindical","tag-enrique-pini","tag-guillermo-castro","tag-marcelo-rey","tag-mariela-bonafini","tag-yo-en","tag-yolanda"],"_links":{"self":[{"href":"https:\/\/www.elsindical.com.ar\/notas\/wp-json\/wp\/v2\/posts\/100841","targetHints":{"allow":["GET"]}}],"collection":[{"href":"https:\/\/www.elsindical.com.ar\/notas\/wp-json\/wp\/v2\/posts"}],"about":[{"href":"https:\/\/www.elsindical.com.ar\/notas\/wp-json\/wp\/v2\/types\/post"}],"author":[{"embeddable":true,"href":"https:\/\/www.elsindical.com.ar\/notas\/wp-json\/wp\/v2\/users\/1"}],"replies":[{"embeddable":true,"href":"https:\/\/www.elsindical.com.ar\/notas\/wp-json\/wp\/v2\/comments?post=100841"}],"version-history":[{"count":2,"href":"https:\/\/www.elsindical.com.ar\/notas\/wp-json\/wp\/v2\/posts\/100841\/revisions"}],"predecessor-version":[{"id":100847,"href":"https:\/\/www.elsindical.com.ar\/notas\/wp-json\/wp\/v2\/posts\/100841\/revisions\/100847"}],"wp:featuredmedia":[{"embeddable":true,"href":"https:\/\/www.elsindical.com.ar\/notas\/wp-json\/wp\/v2\/media\/100846"}],"wp:attachment":[{"href":"https:\/\/www.elsindical.com.ar\/notas\/wp-json\/wp\/v2\/media?parent=100841"}],"wp:term":[{"taxonomy":"category","embeddable":true,"href":"https:\/\/www.elsindical.com.ar\/notas\/wp-json\/wp\/v2\/categories?post=100841"},{"taxonomy":"post_tag","embeddable":true,"href":"https:\/\/www.elsindical.com.ar\/notas\/wp-json\/wp\/v2\/tags?post=100841"}],"curies":[{"name":"wp","href":"https:\/\/api.w.org\/{rel}","templated":true}]}}