{"id":100757,"date":"2020-12-04T13:21:37","date_gmt":"2020-12-04T16:21:37","guid":{"rendered":"https:\/\/www.elsindical.com.ar\/notas\/?p=100757"},"modified":"2020-12-04T13:21:42","modified_gmt":"2020-12-04T16:21:42","slug":"daniel-ferro-sindicalismo-a-la-gorra","status":"publish","type":"post","link":"https:\/\/www.elsindical.com.ar\/notas\/daniel-ferro-sindicalismo-a-la-gorra\/","title":{"rendered":"Daniel Ferro sindicalismo a la gorra"},"content":{"rendered":"\n<figure class=\"wp-block-image size-large\"><img loading=\"lazy\" decoding=\"async\" width=\"880\" height=\"493\" src=\"https:\/\/www.elsindical.com.ar\/notas\/var\/www\/html\/notas\/wp-content\/uploads\/2020\/12\/Daniel-Ferro-marcha-FESIMUBO.jpg\" alt=\"\" class=\"wp-image-100758\" srcset=\"https:\/\/www.elsindical.com.ar\/notas\/var\/www\/html\/notas\/wp-content\/uploads\/2020\/12\/Daniel-Ferro-marcha-FESIMUBO.jpg 880w, https:\/\/www.elsindical.com.ar\/notas\/var\/www\/html\/notas\/wp-content\/uploads\/2020\/12\/Daniel-Ferro-marcha-FESIMUBO-300x168.jpg 300w, https:\/\/www.elsindical.com.ar\/notas\/var\/www\/html\/notas\/wp-content\/uploads\/2020\/12\/Daniel-Ferro-marcha-FESIMUBO-768x430.jpg 768w, https:\/\/www.elsindical.com.ar\/notas\/var\/www\/html\/notas\/wp-content\/uploads\/2020\/12\/Daniel-Ferro-marcha-FESIMUBO-500x280.jpg 500w\" sizes=\"auto, (max-width: 880px) 100vw, 880px\" \/><\/figure>\n\n\n\n<p>     El descr\u00e9dito general que sienten los trabajadores y la sociedad por los sindicatos manejados por supuestos sindicalistas tiene mucho que ver con las \u00abcabezas\u00bb que se apoderan de la conducci\u00f3n sin entender o sentir lo que padece un trabajador d\u00eda a d\u00eda.<\/p>\n\n\n\n<p>Desde el STMA, hace ya muchos a\u00f1os que es conducido por personajes que poco tienen de trabajadores y mucho menos les interesa experimentar esas necesidades, con un poco de manipulaci\u00f3n medi\u00e1tica se couchean como si se tratara de verdaderos defensores de los derechos de los trabajadores, pero peor a\u00fan, son tan hip\u00f3critas que aprendieron a decir \u00abcompa\u00f1ero\u00bb vanalizando la definici\u00f3n de clase que tiene la palabra.<\/p>\n\n\n\n<p>Viven m\u00e1s preocupados en la cuenta bancaria personal que en la del sindicato, viven m\u00e1s preocupados en la ropa que usan cuando no est\u00e1n jugando al sindicalista que en la indumentaria que le entregan a los \u00abcompa\u00f1eros\u00bb, viven m\u00e1s preocupados en cambiar el auto o sumar una 4&#215;4 que en saber si los \u00abcompa\u00f1eros\u00bb tienen c\u00f3mo viajar al trabajo y en qu\u00e9 condiciones, viven pensando en las vacaciones con lujos para relajarse, pero no les importa si los \u00abcompa\u00f1eros\u00bb pueden ir el fin de semana a Punta Lara. De lo \u00fanico que se quejan es de sus esposas exigentes porque todos ellos son muy obedientes y sus descargos son alguna \u00abamiga\u00bb con privilegios que incluso usan las cl\u00ednicas o sanatorios pagados obviamente por el sindicato, al que no aportan una cuota y a las que no se les requiere autorizaci\u00f3n alguna.<\/p>\n\n\n\n<p>Cuando Daniel Ferro habla de que el \u00abemperador Ferraresi\u00bb dej\u00f3 en Avellaneda un paquete cerrado que lo maneja su esposa Magdalena Sierra y en un cargo honor\u00edfico a Alejo Chornobroff, lo \u00fanico concreto es que Magdalena Sierra es la que habla s\u00ed, tal vez instalando su figura como conductora para una eventual candidatura a la intendencia, pero en lo legal, la firma y por ende las responsabilidades son de Chornobroff, con lo cual las declaraciones de Daniel Ferro son m\u00e1s medi\u00e1ticas que coherentes. Desliza que conoce a Chornobroff desde chico y que es un buen pibe, jugando a generar una brecha que no va a ocurrir y de paso abriendo una puerta de posible di\u00e1logo con el que firma y ver si aunque sea algo cae de su lado.<\/p>\n\n\n\n<p>El Cholo Garc\u00eda ha tenido la habilidad de que con una pobre formaci\u00f3n, entender el juego de lo lucrativo que es jugar al sindical y as\u00ed armar un entramado sindical donde conduce sindicatos, federaciones y asociaciones, a\u00fan en la miseria de los trabajadores ellos los sindicalistas reciben su cuota sindical, si los sueldos mejoran mejor para ellos, sube esa cuota sindical, as\u00ed es f\u00e1cil entender que la lucha de estos impresentables es una puesta en escena porque ellos en el peor de los panoramas viven igual. Durante la pandemia el STMA o FESIMUBO, redujeron su cuota sindical?.<\/p>\n\n\n\n<p>Cuando lo consultaron por la denuncia de abuso, Ferro hizo lo que mejor sabe hacer, ensayo el conocido caramelo y garrote, dijo que Chornobroff es un buen muchacho, pero que no niega la denuncia, que sabe que existe y que hay que investigar. Todos los que de una u otra forma estamos al tanto de lo que ocurre en Avellaneda hemos visto porque alguien se encargo de enviar el documento, que la justicia investig\u00f3, valor\u00f3 y archivo la denuncia contra Alejo Chornobroff, de esto hace casi 2 a\u00f1os, tiempo m\u00e1s que suficiente para que todos los actores pol\u00edticos supieran la verdad, por eso quienes agitan el caso solo est\u00e1n haciendo pol\u00edtica barata con una dosis importante de oportunismo y rosca.<\/p>\n\n\n\n<p>Lo m\u00e1s gracioso de Daniel Ferro en sus declaraciones, es que define las acciones de FESIMUBO como una rebeli\u00f3n sin violencia, que alguien le regale una enciclopedia universal  para que deje de decir pavadas medi\u00e1ticas, hist\u00f3ricamente existi\u00f3 un solo revolucionario sin violencia Ghandi y Ferro est\u00e1 a a\u00f1os luz de su formaci\u00f3n acad\u00e9mica y de su honorabilidad, con estas cosas se acerca m\u00e1s Ferro a un humorista como Gioia. <\/p>\n\n\n\n<p>Las cosas por su nombre, el STMA y la FESIMUBO, poco tienen para criticar, mucho por devolverle a los trabajadores y una deuda importante de sinceridad.<\/p>\n\n\n\n<p>Por Marcelo Ricardo Hawrylciw<\/p>\n","protected":false},"excerpt":{"rendered":"<p>El descr\u00e9dito general que sienten los trabajadores y la sociedad por los sindicatos manejados por supuestos sindicalistas tiene mucho que ver con las \u00abcabezas\u00bb que se apoderan de la conducci\u00f3n sin entender o sentir lo que padece un trabajador d\u00eda a d\u00eda. Desde el STMA, hace ya muchos a\u00f1os que es conducido por personajes que&hellip;<\/p>\n","protected":false},"author":1,"featured_media":100758,"comment_status":"open","ping_status":"open","sticky":false,"template":"","format":"standard","meta":{"footnotes":""},"categories":[10],"tags":[30014,23792,2450,2111,1062,16519,3141,125],"class_list":["post-100757","post","type-post","status-publish","format-standard","has-post-thumbnail","hentry","category-editorial","tag-alejo-chornobroff","tag-daniel-ferro","tag-diario-el-sindical","tag-fesimubo","tag-jorge-ferraresi","tag-magdalena-sierra","tag-stma","tag-trabajadores"],"_links":{"self":[{"href":"https:\/\/www.elsindical.com.ar\/notas\/wp-json\/wp\/v2\/posts\/100757","targetHints":{"allow":["GET"]}}],"collection":[{"href":"https:\/\/www.elsindical.com.ar\/notas\/wp-json\/wp\/v2\/posts"}],"about":[{"href":"https:\/\/www.elsindical.com.ar\/notas\/wp-json\/wp\/v2\/types\/post"}],"author":[{"embeddable":true,"href":"https:\/\/www.elsindical.com.ar\/notas\/wp-json\/wp\/v2\/users\/1"}],"replies":[{"embeddable":true,"href":"https:\/\/www.elsindical.com.ar\/notas\/wp-json\/wp\/v2\/comments?post=100757"}],"version-history":[{"count":1,"href":"https:\/\/www.elsindical.com.ar\/notas\/wp-json\/wp\/v2\/posts\/100757\/revisions"}],"predecessor-version":[{"id":100759,"href":"https:\/\/www.elsindical.com.ar\/notas\/wp-json\/wp\/v2\/posts\/100757\/revisions\/100759"}],"wp:featuredmedia":[{"embeddable":true,"href":"https:\/\/www.elsindical.com.ar\/notas\/wp-json\/wp\/v2\/media\/100758"}],"wp:attachment":[{"href":"https:\/\/www.elsindical.com.ar\/notas\/wp-json\/wp\/v2\/media?parent=100757"}],"wp:term":[{"taxonomy":"category","embeddable":true,"href":"https:\/\/www.elsindical.com.ar\/notas\/wp-json\/wp\/v2\/categories?post=100757"},{"taxonomy":"post_tag","embeddable":true,"href":"https:\/\/www.elsindical.com.ar\/notas\/wp-json\/wp\/v2\/tags?post=100757"}],"curies":[{"name":"wp","href":"https:\/\/api.w.org\/{rel}","templated":true}]}}