{"id":100714,"date":"2020-12-02T11:36:00","date_gmt":"2020-12-02T14:36:00","guid":{"rendered":"https:\/\/www.elsindical.com.ar\/notas\/?p=100714"},"modified":"2020-12-02T11:36:04","modified_gmt":"2020-12-02T14:36:04","slug":"avellaneda-otra-muerte-y-26-nuevos-casos","status":"publish","type":"post","link":"https:\/\/www.elsindical.com.ar\/notas\/avellaneda-otra-muerte-y-26-nuevos-casos\/","title":{"rendered":"Avellaneda: Otra muerte y 26 nuevos casos"},"content":{"rendered":"\n<figure class=\"wp-block-image size-large\"><img loading=\"lazy\" decoding=\"async\" width=\"1024\" height=\"576\" src=\"https:\/\/www.elsindical.com.ar\/notas\/var\/www\/html\/notas\/wp-content\/uploads\/2020\/12\/operativo-de-salud-Avellaneda-1024x576.jpg\" alt=\"\" class=\"wp-image-100715\" srcset=\"https:\/\/www.elsindical.com.ar\/notas\/var\/www\/html\/notas\/wp-content\/uploads\/2020\/12\/operativo-de-salud-Avellaneda-1024x576.jpg 1024w, https:\/\/www.elsindical.com.ar\/notas\/var\/www\/html\/notas\/wp-content\/uploads\/2020\/12\/operativo-de-salud-Avellaneda-300x169.jpg 300w, https:\/\/www.elsindical.com.ar\/notas\/var\/www\/html\/notas\/wp-content\/uploads\/2020\/12\/operativo-de-salud-Avellaneda-768x432.jpg 768w, https:\/\/www.elsindical.com.ar\/notas\/var\/www\/html\/notas\/wp-content\/uploads\/2020\/12\/operativo-de-salud-Avellaneda-500x281.jpg 500w, https:\/\/www.elsindical.com.ar\/notas\/var\/www\/html\/notas\/wp-content\/uploads\/2020\/12\/operativo-de-salud-Avellaneda-460x260.jpg 460w, https:\/\/www.elsindical.com.ar\/notas\/var\/www\/html\/notas\/wp-content\/uploads\/2020\/12\/operativo-de-salud-Avellaneda.jpg 1040w\" sizes=\"auto, (max-width: 1024px) 100vw, 1024px\" \/><\/figure>\n\n\n\n<p class=\"wp-block-paragraph\">Lo report\u00f3 el Ministerio de Salud de la provincia de Buenos Aires.<\/p>\n\n\n\n<p class=\"wp-block-paragraph\">Este martes se registr\u00f3 otra muerte por coronavirus en Avellaneda, distrito en el que adem\u00e1s se detectaron m\u00e1s de 20 contagios en las \u00faltimas horas inform\u00f3 el Ministerio de Salud de la provincia de Buenos Aires.<\/p>\n\n\n\n<p class=\"wp-block-paragraph\">De esta forma suman 703 las v\u00edctimas fatales en el municipio y la tasa de letalidad es 3,91 por ciento.<\/p>\n\n\n\n<p class=\"wp-block-paragraph\">En tanto con 26 nuevos casos ascendieron a 17.964 los infectados. Incluye los decesos y 15.831 recuperados. Fueron testeados 42.339 vecinos.<\/p>\n\n\n\n<p class=\"wp-block-paragraph\">En cuanto a la clasificaci\u00f3n epidemiol\u00f3gica, el 72,4 por ciento de los contagios fueron por transmisi\u00f3n comunitaria, 15,1 por ciento por contacto, 7,3 por ciento de los casos est\u00e1n en investigaci\u00f3n, 4,9 por ciento corresponden a trabajadores de la salud y 0,3 por ciento fueron casos importados.<\/p>\n\n\n\n<p class=\"wp-block-paragraph\"><\/p>\n","protected":false},"excerpt":{"rendered":"<p>Lo report\u00f3 el Ministerio de Salud de la provincia de Buenos Aires. Este martes se registr\u00f3 otra muerte por coronavirus en Avellaneda, distrito en el que adem\u00e1s se detectaron m\u00e1s de 20 contagios en las \u00faltimas horas inform\u00f3 el Ministerio de Salud de la provincia de Buenos Aires. De esta forma suman 703 las v\u00edctimas&hellip;<\/p>\n","protected":false},"author":1,"featured_media":100715,"comment_status":"open","ping_status":"open","sticky":false,"template":"","format":"standard","meta":{"footnotes":""},"categories":[23],"tags":[461,19938,32346,32627,2450,649],"class_list":["post-100714","post","type-post","status-publish","format-standard","has-post-thumbnail","hentry","category-salud","tag-avellaneda","tag-contagios","tag-coronavirus","tag-covid-19","tag-diario-el-sindical","tag-muertos"],"_links":{"self":[{"href":"https:\/\/www.elsindical.com.ar\/notas\/wp-json\/wp\/v2\/posts\/100714","targetHints":{"allow":["GET"]}}],"collection":[{"href":"https:\/\/www.elsindical.com.ar\/notas\/wp-json\/wp\/v2\/posts"}],"about":[{"href":"https:\/\/www.elsindical.com.ar\/notas\/wp-json\/wp\/v2\/types\/post"}],"author":[{"embeddable":true,"href":"https:\/\/www.elsindical.com.ar\/notas\/wp-json\/wp\/v2\/users\/1"}],"replies":[{"embeddable":true,"href":"https:\/\/www.elsindical.com.ar\/notas\/wp-json\/wp\/v2\/comments?post=100714"}],"version-history":[{"count":1,"href":"https:\/\/www.elsindical.com.ar\/notas\/wp-json\/wp\/v2\/posts\/100714\/revisions"}],"predecessor-version":[{"id":100716,"href":"https:\/\/www.elsindical.com.ar\/notas\/wp-json\/wp\/v2\/posts\/100714\/revisions\/100716"}],"wp:featuredmedia":[{"embeddable":true,"href":"https:\/\/www.elsindical.com.ar\/notas\/wp-json\/wp\/v2\/media\/100715"}],"wp:attachment":[{"href":"https:\/\/www.elsindical.com.ar\/notas\/wp-json\/wp\/v2\/media?parent=100714"}],"wp:term":[{"taxonomy":"category","embeddable":true,"href":"https:\/\/www.elsindical.com.ar\/notas\/wp-json\/wp\/v2\/categories?post=100714"},{"taxonomy":"post_tag","embeddable":true,"href":"https:\/\/www.elsindical.com.ar\/notas\/wp-json\/wp\/v2\/tags?post=100714"}],"curies":[{"name":"wp","href":"https:\/\/api.w.org\/{rel}","templated":true}]}}