{"id":100623,"date":"2020-11-28T12:33:23","date_gmt":"2020-11-28T15:33:23","guid":{"rendered":"https:\/\/www.elsindical.com.ar\/notas\/?p=100623"},"modified":"2020-11-29T00:56:53","modified_gmt":"2020-11-29T03:56:53","slug":"magdalena-sierra-aunque-la-mona-se-vista-de-seda","status":"publish","type":"post","link":"https:\/\/www.elsindical.com.ar\/notas\/magdalena-sierra-aunque-la-mona-se-vista-de-seda\/","title":{"rendered":"Magdalena Sierra aunque la mona se vista de seda \u2026"},"content":{"rendered":"\n<div class=\"wp-block-image\"><figure class=\"aligncenter size-large\"><img loading=\"lazy\" decoding=\"async\" width=\"547\" height=\"784\" src=\"https:\/\/www.elsindical.com.ar\/notas\/var\/www\/html\/notas\/wp-content\/uploads\/2020\/11\/Magdalena-Sierra.jpg\" alt=\"\" class=\"wp-image-100624\" srcset=\"https:\/\/www.elsindical.com.ar\/notas\/var\/www\/html\/notas\/wp-content\/uploads\/2020\/11\/Magdalena-Sierra.jpg 547w, https:\/\/www.elsindical.com.ar\/notas\/var\/www\/html\/notas\/wp-content\/uploads\/2020\/11\/Magdalena-Sierra-209x300.jpg 209w\" sizes=\"auto, (max-width: 547px) 100vw, 547px\" \/><\/figure><\/div>\n\n\n\n<p class=\"wp-block-paragraph\">Magdalena Sierra es conocida por ser la esposa de Jorge Ferraresi, aunque luego de los esc\u00e1ndalos que lo vinculaban a su marido con distintas historias sentimentales comenz\u00f3 a mostrarse m\u00e1s y a tener un rol m\u00e1s activo en la pol\u00edtca local. Sin una oratoria flu\u00edda, opt\u00f3 por el camino m\u00e1s sencillo, la pol\u00edtica de barrio.<\/p>\n\n\n\n<p class=\"wp-block-paragraph\">Apoyada por los militantes de la Agrupaci\u00f3n Eva Per\u00f3n que conduce junto a Jorge Ferraresi, es muy sencillo mostrarse como un pol\u00edtico comprometido, un look casual, unas fotos junto a gente con necesidades, tal vez agarrar una pala y el resto videos sin declaraciones, quiz\u00e1s en eso de que una imagen vale m\u00e1s que mil palabras cuando el que habla no tiene mucho coherente que decir.<\/p>\n\n\n\n<p class=\"wp-block-paragraph\">Hace ya varios a\u00f1os pude hacerle una breve entrevista a Magdalena Sierra quien se sorprendi\u00f3 por las preguntas y termin\u00f3 optando por salir corriendo pregunt\u00e1ndome qui\u00e9n era y qui\u00e9n me envi\u00f3, las preguntas eran sencillas y obedec\u00edan a la preocupaci\u00f3n de los vecinos por la presencia en las plazas de Avellaneda de grupos de j\u00f3venes adictos algunos y delincuentes otros que vend\u00edan y se drogaban en los juegos destinados a los ni\u00f1os. Su respuesta fue rid\u00edcula y poco inteligente, \u00bfvos qu\u00e9 quer\u00e9s que enrejemos las plazas?. Grandes ciudades del mundo tienen enrejadas plazas donde no se pudo controlar el delito sea por los da\u00f1os, sea por los actos.<\/p>\n\n\n\n<p class=\"wp-block-paragraph\">El tiempo pas\u00f3 y Magdalena creci\u00f3 como pol\u00edtica, por lo menos en lo que a cargos se refiere, no as\u00ed su formaci\u00f3n, fue concejal, Senadora Provincial y ahora desde el a\u00f1o 2017 es Diputada Nacional con mandato hasta el 2021, integra las comisiones de:<\/p>\n\n\n\n<p class=\"wp-block-paragraph\">Asuntos Municipales (Vocal)<br>Obras P\u00fablicas (Presidenta)<br>Deportes (Vocal)<br>Discapacidad (Vocal)<br>Mujeres y Diversidad (Vocal)<br>Prevenci\u00f3n de Adicciones y Control del Narcotr\u00e1fico (Vocal)<br>Vivienda y Ordenamiento Urbano (Vocal)<\/p>\n\n\n\n<p class=\"wp-block-paragraph\">A pesar de las variadas comisiones solo ha presentado dos proyectos:<\/p>\n\n\n\n<p class=\"wp-block-paragraph\"><strong>Proyecto N\u00b01: <\/strong>2053-D-2020: Proyecto de ley sobre r\u00e9gimen para las intervenciones de contraconcepci\u00f3n quir\u00fargica -Ley 26.130 &#8211;<\/p>\n\n\n\n<p class=\"wp-block-paragraph\"><strong>Proyecto N\u00b02: <\/strong>4390-D-2019: Proyecto de ley de creaci\u00f3n del sistema integral de igualdad y paridad de g\u00e9nero en el deporte &#8211; Modificaci\u00f3n de la Ley 20.655<\/p>\n\n\n\n<p class=\"wp-block-paragraph\">El resto de los proyectos en los que est\u00e1 su firma alrededor de 294 no son de su autor\u00eda y es firmante junto a otros legisladores.<\/p>\n\n\n\n<p class=\"wp-block-paragraph\">Declar\u00f3 un Sueldo bruto: $238.829,08 (dieta: $218.829,08 + gastos de representaci\u00f3n: $20.000) + la opci\u00f3n de movilidad elegida para el r\u00e9gimen de pasajes seg\u00fan resoluci\u00f3n 487\/2018.<\/p>\n\n\n\n<p class=\"wp-block-paragraph\">Todos estos datos son los que informa el portal Directorio Legislativo, ya que curiosamente en la p\u00e1gina del Congreso de la Naci\u00f3n, la oficina de Magdalena Sierra no ha cargado informaci\u00f3n relevante para los ciudadanos, por ejemplo su Declaraci\u00f3n Jurada Patrimonial, es evidente que su patrimonio personal y conyugal ha crecido y mucho, sin que le afectara la inflaci\u00f3n.<\/p>\n\n\n\n<p class=\"wp-block-paragraph\">Siendo Avellaneda un municipio con serios problemas de narcotr\u00e1fico y adictos, vale recordar el enfrentamiento armado entre polic\u00edas de la Bonaerense y la PFA en el ex Auch\u00e1n, donde muri\u00f3 el Jefe de Drogas de la dependencia de drogas Avellaneda-Lan\u00fas en un caso nunca del todo aclarado que dej\u00f3 en evidencia que el narcotr\u00e1fico en Avellaneda existe, Magdalena Sierra integra la comisi\u00f3n de prevenci\u00f3n de adicciones y control del narcotr\u00e1fico, pero nada ha cambiado por Avellaneda, la droga sigue generando adictos y fabricando delincuentes cada d\u00eda m\u00e1s violentos, uno de los puntos de refugio de delincuentes vinculados a las drogas y los delitos conexos es la temible Villa Tranquila, barrio donde muchos recuerdan al actual intendente interino Alejo Chornobroff quien nunca se refiri\u00f3 a sta problem\u00e1tica.<\/p>\n\n\n\n<p class=\"wp-block-paragraph\">Se podr\u00eda definir a la vida p\u00fablica y pol\u00edtica de Magdalena Sierra con una palabra FRIVOLIDAD, todo lo relacionado a ella es un acting, desde la pose en la foto, la sonrida fingida, nada es casual, extensiones, maquillaje de m\u00e1s, el vestuario, la gesticulaci\u00f3n, pero ni con la edici\u00f3n de los videos se corrige su falta de oratoria flu\u00edda y corrida, todo esto ser\u00eda irrelevante si sus actos pol\u00edticos fueran de utilidad p\u00fablica y no un compendio de proyectos irrelevantes.<\/p>\n\n\n\n<p class=\"wp-block-paragraph\">Festejar la aprobaci\u00f3n de la Ley que designa al partido de Avellaneda como \u201cCapital Nacional del F\u00fatbol\u201d, en momentos donde hay prioridades importantes, como ser la salud y la econom\u00eda, su festejo producida como una diva es desubicado y de mal gusto.<\/p>\n\n\n\n<p class=\"wp-block-paragraph\">Desde lo visual es preferible a las im\u00e1genes que tengo en mi mente de Mar\u00eda Eugenia Vidal, pero esto no es un casting de moda, sino una observaci\u00f3n de la clase pol\u00edtica, tampoco Jorge Ferraresi es un pol\u00edtico con una claridad al hablar, a pesar de los a\u00f1os sigue sin poder hablar o modular de una forma que se entienda, es m\u00e1s bien un balbuceo que no se condice con su imagen.<\/p>\n\n\n\n<p class=\"wp-block-paragraph\">Estimada Magdalena Sierra, hay muchas de sus actividades que necesitan un compromiso real y un control de lo que se hace con los recursos del Estado que no siempre terminan en la casa de los m\u00e1s necesitados, sigo esperando una respuesta de los motivos por los cuales el cami\u00f3n del Observatorio Social de Avellaneda baja una importante cantidad de alimentos en viviendas de gente de clase media alta. Ser\u00eda muy preferible que la informaci\u00f3n de su despacho este actualizada y que los ciudadanos tengan acceso a la informaci\u00f3n, tambi\u00e9n saber si sus asesores que a la vez son empleados municipales cobran dos sueldos del Estado en una \u00e9poca donde no abunda el trabajo.<\/p>\n\n\n\n<p class=\"wp-block-paragraph\">Una mujer no se destaca solo por como viste, quiz\u00e1s si no se preocupara tanto en la apariencia se soltar\u00eda m\u00e1s al hablar, es rid\u00edculo vestirse como para una gala y aplaudir la aprobaci\u00f3n de un proyecto poco beneficioso para los vecinos de Avellaneda, que estamos fuera de los negocios millonarios del f\u00fatbol.<\/p>\n\n\n\n<figure class=\"wp-block-embed-youtube wp-block-embed is-type-video is-provider-youtube wp-embed-aspect-16-9 wp-has-aspect-ratio\"><div class=\"wp-block-embed__wrapper\">\n<iframe loading=\"lazy\" title=\"Magdalena Sierra aunque la mona se vista de seda \u2026\" width=\"700\" height=\"394\" src=\"https:\/\/www.youtube.com\/embed\/AfByW286ToE?feature=oembed\" frameborder=\"0\" allow=\"accelerometer; autoplay; clipboard-write; encrypted-media; gyroscope; picture-in-picture\" allowfullscreen><\/iframe>\n<\/div><\/figure>\n\n\n\n<p class=\"wp-block-paragraph\">Por Marcelo Ricardo Hawrylciw<\/p>\n","protected":false},"excerpt":{"rendered":"<p>Magdalena Sierra es conocida por ser la esposa de Jorge Ferraresi, aunque luego de los esc\u00e1ndalos que lo vinculaban a su marido con distintas historias sentimentales comenz\u00f3 a mostrarse m\u00e1s y a tener un rol m\u00e1s activo en la pol\u00edtca local. Sin una oratoria flu\u00edda, opt\u00f3 por el camino m\u00e1s sencillo, la pol\u00edtica de barrio.&hellip;<\/p>\n","protected":false},"author":1,"featured_media":100624,"comment_status":"open","ping_status":"open","sticky":false,"template":"","format":"standard","meta":{"footnotes":""},"categories":[10],"tags":[4888,2450,7282,382,1062,16519,22025,33877],"class_list":["post-100623","post","type-post","status-publish","format-standard","has-post-thumbnail","hentry","category-editorial","tag-concejal","tag-diario-el-sindical","tag-diputada-nacional","tag-drogas","tag-jorge-ferraresi","tag-magdalena-sierra","tag-politica","tag-senadora-provincial"],"_links":{"self":[{"href":"https:\/\/www.elsindical.com.ar\/notas\/wp-json\/wp\/v2\/posts\/100623","targetHints":{"allow":["GET"]}}],"collection":[{"href":"https:\/\/www.elsindical.com.ar\/notas\/wp-json\/wp\/v2\/posts"}],"about":[{"href":"https:\/\/www.elsindical.com.ar\/notas\/wp-json\/wp\/v2\/types\/post"}],"author":[{"embeddable":true,"href":"https:\/\/www.elsindical.com.ar\/notas\/wp-json\/wp\/v2\/users\/1"}],"replies":[{"embeddable":true,"href":"https:\/\/www.elsindical.com.ar\/notas\/wp-json\/wp\/v2\/comments?post=100623"}],"version-history":[{"count":2,"href":"https:\/\/www.elsindical.com.ar\/notas\/wp-json\/wp\/v2\/posts\/100623\/revisions"}],"predecessor-version":[{"id":100633,"href":"https:\/\/www.elsindical.com.ar\/notas\/wp-json\/wp\/v2\/posts\/100623\/revisions\/100633"}],"wp:featuredmedia":[{"embeddable":true,"href":"https:\/\/www.elsindical.com.ar\/notas\/wp-json\/wp\/v2\/media\/100624"}],"wp:attachment":[{"href":"https:\/\/www.elsindical.com.ar\/notas\/wp-json\/wp\/v2\/media?parent=100623"}],"wp:term":[{"taxonomy":"category","embeddable":true,"href":"https:\/\/www.elsindical.com.ar\/notas\/wp-json\/wp\/v2\/categories?post=100623"},{"taxonomy":"post_tag","embeddable":true,"href":"https:\/\/www.elsindical.com.ar\/notas\/wp-json\/wp\/v2\/tags?post=100623"}],"curies":[{"name":"wp","href":"https:\/\/api.w.org\/{rel}","templated":true}]}}