{"id":100609,"date":"2020-11-27T19:22:17","date_gmt":"2020-11-27T22:22:17","guid":{"rendered":"https:\/\/www.elsindical.com.ar\/notas\/?p=100609"},"modified":"2020-11-27T19:22:19","modified_gmt":"2020-11-27T22:22:19","slug":"la-policia-federal-argentina-detuvo-a-un-hombre-acusado-de-grooming","status":"publish","type":"post","link":"https:\/\/www.elsindical.com.ar\/notas\/la-policia-federal-argentina-detuvo-a-un-hombre-acusado-de-grooming\/","title":{"rendered":"La Polic\u00eda Federal Argentina detuvo a un hombre acusado de Grooming"},"content":{"rendered":"\n<figure class=\"wp-block-image size-large\"><img loading=\"lazy\" decoding=\"async\" width=\"1024\" height=\"576\" src=\"https:\/\/www.elsindical.com.ar\/notas\/var\/www\/html\/notas\/wp-content\/uploads\/2020\/11\/WhatsApp-Image-2020-11-27-at-18.58.07-1024x576.jpeg\" alt=\"\" class=\"wp-image-100610\" srcset=\"https:\/\/www.elsindical.com.ar\/notas\/var\/www\/html\/notas\/wp-content\/uploads\/2020\/11\/WhatsApp-Image-2020-11-27-at-18.58.07-1024x576.jpeg 1024w, https:\/\/www.elsindical.com.ar\/notas\/var\/www\/html\/notas\/wp-content\/uploads\/2020\/11\/WhatsApp-Image-2020-11-27-at-18.58.07-300x169.jpeg 300w, https:\/\/www.elsindical.com.ar\/notas\/var\/www\/html\/notas\/wp-content\/uploads\/2020\/11\/WhatsApp-Image-2020-11-27-at-18.58.07-768x432.jpeg 768w, https:\/\/www.elsindical.com.ar\/notas\/var\/www\/html\/notas\/wp-content\/uploads\/2020\/11\/WhatsApp-Image-2020-11-27-at-18.58.07-500x281.jpeg 500w, https:\/\/www.elsindical.com.ar\/notas\/var\/www\/html\/notas\/wp-content\/uploads\/2020\/11\/WhatsApp-Image-2020-11-27-at-18.58.07-460x260.jpeg 460w, https:\/\/www.elsindical.com.ar\/notas\/var\/www\/html\/notas\/wp-content\/uploads\/2020\/11\/WhatsApp-Image-2020-11-27-at-18.58.07.jpeg 1280w\" sizes=\"auto, (max-width: 1024px) 100vw, 1024px\" \/><\/figure>\n\n\n\n<p class=\"wp-block-paragraph\">Agentes federales de la Divisi\u00f3n Delitos Contra la Ni\u00f1ez y la Adolescencia, detuvieron a un hombre acusado por los delitos de grooming y \u201cPromoci\u00f3n de la corrupci\u00f3n de menores agravada\u201d, en la Ciudad de Buenos Aires.<\/p>\n\n\n\n<p class=\"wp-block-paragraph\">La Investigaci\u00f3n surge a ra\u00edz de la denuncia realizada por la madre de la v\u00edctima, donde manifest\u00f3 que su hija menor de edad, hab\u00eda sido contactada a trav\u00e9s de una red social por un usuario con el nombre de \u201cEscuela de Modelaje\u201d, el cual simulaba otorgar cursos de modelo, con el fin de solicitarle una foto en bikini y en ropa interior, a la cual la menor accedi\u00f3 a dar. Posteriormente, el agresor le exigi\u00f3 que le pase el n\u00famero de su tel\u00e9fono celular para continuar el contacto por dicho medio. Ante esta situaci\u00f3n, la v\u00edctima decidi\u00f3 contarle a sus padres lo sucedido.<\/p>\n\n\n\n<p class=\"wp-block-paragraph\">Posteriormente, las diversas tareas de campo efectuadas por los efectivos federales, establecieron que el involucrado se encontrar\u00eda en el barrio porte\u00f1o de Colegiales.<\/p>\n\n\n\n<p class=\"wp-block-paragraph\">A ra\u00edz de ello y con el total de la informaci\u00f3n obtenida, la Unidad Funcional de Instrucci\u00f3n y Juicio N\u00ba1 del Departamento Judicial de Berazategui a cargo del Dr. Ichazo, orden\u00f3 su inmediata captura y allanamiento.<\/p>\n\n\n\n<p class=\"wp-block-paragraph\">Luego de una discreta vigilancia en la zona, los uniformados efectuaron el allanamiento al domicilio. Durante el procedimiento, se detuvo a un hombre y se secuestraron ocho pendrive, una c\u00e1mara digital, dos Ipad, dos notebooks, un tel\u00e9fono celular y dem\u00e1s elementos de inter\u00e9s para la causa.<\/p>\n\n\n\n<p class=\"wp-block-paragraph\">El detenido, de 43 a\u00f1os, junto a los elementos secuestrados, quedaron a disposici\u00f3n del magistrado interventor.<\/p>\n\n\n\n<figure class=\"wp-block-image size-large\"><img loading=\"lazy\" decoding=\"async\" width=\"576\" height=\"1024\" src=\"https:\/\/www.elsindical.com.ar\/notas\/var\/www\/html\/notas\/wp-content\/uploads\/2020\/11\/WhatsApp-Image-2020-11-27-at-18.58.08-576x1024.jpeg\" alt=\"\" class=\"wp-image-100611\" srcset=\"https:\/\/www.elsindical.com.ar\/notas\/var\/www\/html\/notas\/wp-content\/uploads\/2020\/11\/WhatsApp-Image-2020-11-27-at-18.58.08-576x1024.jpeg 576w, https:\/\/www.elsindical.com.ar\/notas\/var\/www\/html\/notas\/wp-content\/uploads\/2020\/11\/WhatsApp-Image-2020-11-27-at-18.58.08-169x300.jpeg 169w, https:\/\/www.elsindical.com.ar\/notas\/var\/www\/html\/notas\/wp-content\/uploads\/2020\/11\/WhatsApp-Image-2020-11-27-at-18.58.08.jpeg 720w\" sizes=\"auto, (max-width: 576px) 100vw, 576px\" \/><\/figure>\n","protected":false},"excerpt":{"rendered":"<p>Agentes federales de la Divisi\u00f3n Delitos Contra la Ni\u00f1ez y la Adolescencia, detuvieron a un hombre acusado por los delitos de grooming y \u201cPromoci\u00f3n de la corrupci\u00f3n de menores agravada\u201d, en la Ciudad de Buenos Aires. La Investigaci\u00f3n surge a ra\u00edz de la denuncia realizada por la madre de la v\u00edctima, donde manifest\u00f3 que su&hellip;<\/p>\n","protected":false},"author":1,"featured_media":100610,"comment_status":"open","ping_status":"open","sticky":false,"template":"","format":"standard","meta":{"footnotes":""},"categories":[22],"tags":[1277,4284,6313,17387,698],"class_list":["post-100609","post","type-post","status-publish","format-standard","has-post-thumbnail","hentry","category-policiales","tag-berazategui","tag-caba","tag-colegiales","tag-grooming","tag-pfa"],"_links":{"self":[{"href":"https:\/\/www.elsindical.com.ar\/notas\/wp-json\/wp\/v2\/posts\/100609","targetHints":{"allow":["GET"]}}],"collection":[{"href":"https:\/\/www.elsindical.com.ar\/notas\/wp-json\/wp\/v2\/posts"}],"about":[{"href":"https:\/\/www.elsindical.com.ar\/notas\/wp-json\/wp\/v2\/types\/post"}],"author":[{"embeddable":true,"href":"https:\/\/www.elsindical.com.ar\/notas\/wp-json\/wp\/v2\/users\/1"}],"replies":[{"embeddable":true,"href":"https:\/\/www.elsindical.com.ar\/notas\/wp-json\/wp\/v2\/comments?post=100609"}],"version-history":[{"count":1,"href":"https:\/\/www.elsindical.com.ar\/notas\/wp-json\/wp\/v2\/posts\/100609\/revisions"}],"predecessor-version":[{"id":100612,"href":"https:\/\/www.elsindical.com.ar\/notas\/wp-json\/wp\/v2\/posts\/100609\/revisions\/100612"}],"wp:featuredmedia":[{"embeddable":true,"href":"https:\/\/www.elsindical.com.ar\/notas\/wp-json\/wp\/v2\/media\/100610"}],"wp:attachment":[{"href":"https:\/\/www.elsindical.com.ar\/notas\/wp-json\/wp\/v2\/media?parent=100609"}],"wp:term":[{"taxonomy":"category","embeddable":true,"href":"https:\/\/www.elsindical.com.ar\/notas\/wp-json\/wp\/v2\/categories?post=100609"},{"taxonomy":"post_tag","embeddable":true,"href":"https:\/\/www.elsindical.com.ar\/notas\/wp-json\/wp\/v2\/tags?post=100609"}],"curies":[{"name":"wp","href":"https:\/\/api.w.org\/{rel}","templated":true}]}}