{"id":100375,"date":"2020-11-17T13:32:06","date_gmt":"2020-11-17T16:32:06","guid":{"rendered":"https:\/\/www.elsindical.com.ar\/notas\/?p=100375"},"modified":"2020-11-17T13:32:10","modified_gmt":"2020-11-17T16:32:10","slug":"la-afip-logro-desarticular-a-una-organizacion-dedicada-a-maniobras-de-evasion-millonarias-la-pfa-detuvo-a-11-personas","status":"publish","type":"post","link":"https:\/\/www.elsindical.com.ar\/notas\/la-afip-logro-desarticular-a-una-organizacion-dedicada-a-maniobras-de-evasion-millonarias-la-pfa-detuvo-a-11-personas\/","title":{"rendered":"La AFIP logr\u00f3 desarticular a una organizaci\u00f3n dedicada a maniobras de evasi\u00f3n millonarias. La PFA detuvo a 11 personas"},"content":{"rendered":"\n<figure class=\"wp-block-image size-large\"><img loading=\"lazy\" decoding=\"async\" width=\"768\" height=\"1024\" src=\"https:\/\/www.elsindical.com.ar\/notas\/var\/www\/html\/notas\/wp-content\/uploads\/2020\/11\/WhatsApp-Image-2020-11-17-at-13.21.593-768x1024.jpeg\" alt=\"\" class=\"wp-image-100376\" srcset=\"https:\/\/www.elsindical.com.ar\/notas\/var\/www\/html\/notas\/wp-content\/uploads\/2020\/11\/WhatsApp-Image-2020-11-17-at-13.21.593-768x1024.jpeg 768w, https:\/\/www.elsindical.com.ar\/notas\/var\/www\/html\/notas\/wp-content\/uploads\/2020\/11\/WhatsApp-Image-2020-11-17-at-13.21.593-225x300.jpeg 225w, https:\/\/www.elsindical.com.ar\/notas\/var\/www\/html\/notas\/wp-content\/uploads\/2020\/11\/WhatsApp-Image-2020-11-17-at-13.21.593.jpeg 960w\" sizes=\"auto, (max-width: 768px) 100vw, 768px\" \/><\/figure>\n\n\n\n<p>Una investigaci\u00f3n de la Administraci\u00f3n Federal de Ingresos P\u00fablicos permiti\u00f3 desarticular una organizaci\u00f3n dedicada a la generaci\u00f3n de facturas falsas que eran utilizadas por reconocidas marcas de calzado. Las estimaciones preliminares arrojan que las usinas investigadas emitieron comprobantes por m\u00e1s de 1900 millones de pesos que, entre enero de 2018 y abril de 2020, habr\u00edan facilitado maniobras de evasi\u00f3n de impuestos.<\/p>\n\n\n\n<p>El trabajo desarrollado por la AFIP y su articulaci\u00f3n con el Poder Judicial y el Ministerio de Seguridad de la Naci\u00f3n permiti\u00f3, finalmente, desbaratar una organizaci\u00f3n dedicada al delito complejo y detener a quienes formaban parte del grupo.<\/p>\n\n\n\n<p>La Divisi\u00f3n Investigaci\u00f3n del Lavado de Activos de la Polic\u00eda Federal Argentina detuvo a 11 personas denunciadas por asociaci\u00f3n il\u00edcita tributaria tras 25 allanamientos realizados distintos domicilios de la provincia de Buenos Aires y la Capital Federal.<\/p>\n\n\n\n<p>La organizaci\u00f3n desarticulada utilizaba empresas sin actividad real, as\u00ed como firmas que, teni\u00e9ndola, simulaban operaciones de ventas hacia otras firmas de la organizaci\u00f3n para que \u00e9stas pudiesen computarse cr\u00e9ditos fiscales y gastos ficticios. De esa forma, disminu\u00edan de manera fraudulenta su carga tributaria.<\/p>\n\n\n\n<p>La asociaci\u00f3n il\u00edcita tributaria denunciada estaba compuesta por un grupo de profesionales contables y jur\u00eddicos que ten\u00edan a su cargo el \u201cmantenimiento\u201d (presentaci\u00f3n de las declaraciones juradas y elaboraci\u00f3n de balances, entre otras tareas) de las sociedades utilizadas como usinas de facturas ap\u00f3crifas. En tanto, los usuarios de los comprobantes falsos eran reconocidas firmas del sector del calzado que recib\u00edan por parte del \u201cgrupo de profesionales\u201d no s\u00f3lo el auxilio cuando eran inspeccionadas por la AFIP, sino que confeccionaban y firmaban los balances contables en donde figuraban las operaciones con las usinas.<\/p>\n\n\n\n<p>Tras la denuncia de la AFIP, las tareas investigativas llevadas a cabo por las y los efectivos de la PFA, fuerza federal dependiente del Ministerio de Seguridad de la Naci\u00f3n, permitieron establecer los domicilios de las personas involucradas. Con esa informaci\u00f3n, el Juzgado Federal de Primera Instancia de Campana orden\u00f3 realizar 25 allanamientos: 9 en la Ciudad Aut\u00f3noma de Buenos Aires, 6 en Lomas de Zamora, 2 en la Localidad de Mor\u00f3n y 8 entre Campana y Z\u00e1rate. Como resultado del operativo, se detuvo a 11 personas y se secuestr\u00f3 gran cantidad de documentaci\u00f3n de inter\u00e9s para la causa.<\/p>\n\n\n\n<figure class=\"wp-block-gallery columns-1 is-cropped wp-block-gallery-1 is-layout-flex wp-block-gallery-is-layout-flex\"><ul class=\"blocks-gallery-grid\"><li class=\"blocks-gallery-item\"><figure><img loading=\"lazy\" decoding=\"async\" width=\"1024\" height=\"768\" src=\"https:\/\/www.elsindical.com.ar\/notas\/var\/www\/html\/notas\/wp-content\/uploads\/2020\/11\/WhatsApp-Image-2020-11-17-at-13.22.001-1024x768.jpeg\" alt=\"\" data-id=\"100377\" data-full-url=\"https:\/\/www.elsindical.com.ar\/notas\/var\/www\/html\/notas\/wp-content\/uploads\/2020\/11\/WhatsApp-Image-2020-11-17-at-13.22.001.jpeg\" data-link=\"https:\/\/www.elsindical.com.ar\/notas\/?attachment_id=100377#main\" class=\"wp-image-100377\" srcset=\"https:\/\/www.elsindical.com.ar\/notas\/var\/www\/html\/notas\/wp-content\/uploads\/2020\/11\/WhatsApp-Image-2020-11-17-at-13.22.001-1024x768.jpeg 1024w, https:\/\/www.elsindical.com.ar\/notas\/var\/www\/html\/notas\/wp-content\/uploads\/2020\/11\/WhatsApp-Image-2020-11-17-at-13.22.001-300x225.jpeg 300w, https:\/\/www.elsindical.com.ar\/notas\/var\/www\/html\/notas\/wp-content\/uploads\/2020\/11\/WhatsApp-Image-2020-11-17-at-13.22.001-768x576.jpeg 768w, https:\/\/www.elsindical.com.ar\/notas\/var\/www\/html\/notas\/wp-content\/uploads\/2020\/11\/WhatsApp-Image-2020-11-17-at-13.22.001-400x300.jpeg 400w, https:\/\/www.elsindical.com.ar\/notas\/var\/www\/html\/notas\/wp-content\/uploads\/2020\/11\/WhatsApp-Image-2020-11-17-at-13.22.001.jpeg 1156w\" sizes=\"auto, (max-width: 1024px) 100vw, 1024px\" \/><\/figure><\/li><li class=\"blocks-gallery-item\"><figure><img loading=\"lazy\" decoding=\"async\" width=\"1024\" height=\"768\" src=\"https:\/\/www.elsindical.com.ar\/notas\/var\/www\/html\/notas\/wp-content\/uploads\/2020\/11\/WhatsApp-Image-2020-11-17-at-13.22.00-1024x768.jpeg\" alt=\"\" data-id=\"100378\" data-full-url=\"https:\/\/www.elsindical.com.ar\/notas\/var\/www\/html\/notas\/wp-content\/uploads\/2020\/11\/WhatsApp-Image-2020-11-17-at-13.22.00.jpeg\" data-link=\"https:\/\/www.elsindical.com.ar\/notas\/?attachment_id=100378#main\" class=\"wp-image-100378\" srcset=\"https:\/\/www.elsindical.com.ar\/notas\/var\/www\/html\/notas\/wp-content\/uploads\/2020\/11\/WhatsApp-Image-2020-11-17-at-13.22.00-1024x768.jpeg 1024w, https:\/\/www.elsindical.com.ar\/notas\/var\/www\/html\/notas\/wp-content\/uploads\/2020\/11\/WhatsApp-Image-2020-11-17-at-13.22.00-300x225.jpeg 300w, https:\/\/www.elsindical.com.ar\/notas\/var\/www\/html\/notas\/wp-content\/uploads\/2020\/11\/WhatsApp-Image-2020-11-17-at-13.22.00-768x576.jpeg 768w, https:\/\/www.elsindical.com.ar\/notas\/var\/www\/html\/notas\/wp-content\/uploads\/2020\/11\/WhatsApp-Image-2020-11-17-at-13.22.00-400x300.jpeg 400w, https:\/\/www.elsindical.com.ar\/notas\/var\/www\/html\/notas\/wp-content\/uploads\/2020\/11\/WhatsApp-Image-2020-11-17-at-13.22.00.jpeg 1040w\" sizes=\"auto, (max-width: 1024px) 100vw, 1024px\" \/><\/figure><\/li><li class=\"blocks-gallery-item\"><figure><img loading=\"lazy\" decoding=\"async\" width=\"1024\" height=\"498\" src=\"https:\/\/www.elsindical.com.ar\/notas\/var\/www\/html\/notas\/wp-content\/uploads\/2020\/11\/WhatsApp-Image-2020-11-17-at-13.21.592-1024x498.jpeg\" alt=\"\" data-id=\"100379\" data-full-url=\"https:\/\/www.elsindical.com.ar\/notas\/var\/www\/html\/notas\/wp-content\/uploads\/2020\/11\/WhatsApp-Image-2020-11-17-at-13.21.592.jpeg\" data-link=\"https:\/\/www.elsindical.com.ar\/notas\/?attachment_id=100379#main\" class=\"wp-image-100379\" srcset=\"https:\/\/www.elsindical.com.ar\/notas\/var\/www\/html\/notas\/wp-content\/uploads\/2020\/11\/WhatsApp-Image-2020-11-17-at-13.21.592-1024x498.jpeg 1024w, https:\/\/www.elsindical.com.ar\/notas\/var\/www\/html\/notas\/wp-content\/uploads\/2020\/11\/WhatsApp-Image-2020-11-17-at-13.21.592-300x146.jpeg 300w, https:\/\/www.elsindical.com.ar\/notas\/var\/www\/html\/notas\/wp-content\/uploads\/2020\/11\/WhatsApp-Image-2020-11-17-at-13.21.592-768x373.jpeg 768w, https:\/\/www.elsindical.com.ar\/notas\/var\/www\/html\/notas\/wp-content\/uploads\/2020\/11\/WhatsApp-Image-2020-11-17-at-13.21.592-500x243.jpeg 500w, https:\/\/www.elsindical.com.ar\/notas\/var\/www\/html\/notas\/wp-content\/uploads\/2020\/11\/WhatsApp-Image-2020-11-17-at-13.21.592.jpeg 1280w\" sizes=\"auto, (max-width: 1024px) 100vw, 1024px\" \/><\/figure><\/li><li class=\"blocks-gallery-item\"><figure><img loading=\"lazy\" decoding=\"async\" width=\"1024\" height=\"768\" src=\"https:\/\/www.elsindical.com.ar\/notas\/var\/www\/html\/notas\/wp-content\/uploads\/2020\/11\/WhatsApp-Image-2020-11-17-at-13.21.591-1024x768.jpeg\" alt=\"\" data-id=\"100380\" data-full-url=\"https:\/\/www.elsindical.com.ar\/notas\/var\/www\/html\/notas\/wp-content\/uploads\/2020\/11\/WhatsApp-Image-2020-11-17-at-13.21.591.jpeg\" data-link=\"https:\/\/www.elsindical.com.ar\/notas\/?attachment_id=100380#main\" class=\"wp-image-100380\" srcset=\"https:\/\/www.elsindical.com.ar\/notas\/var\/www\/html\/notas\/wp-content\/uploads\/2020\/11\/WhatsApp-Image-2020-11-17-at-13.21.591-1024x768.jpeg 1024w, https:\/\/www.elsindical.com.ar\/notas\/var\/www\/html\/notas\/wp-content\/uploads\/2020\/11\/WhatsApp-Image-2020-11-17-at-13.21.591-300x225.jpeg 300w, https:\/\/www.elsindical.com.ar\/notas\/var\/www\/html\/notas\/wp-content\/uploads\/2020\/11\/WhatsApp-Image-2020-11-17-at-13.21.591-768x576.jpeg 768w, https:\/\/www.elsindical.com.ar\/notas\/var\/www\/html\/notas\/wp-content\/uploads\/2020\/11\/WhatsApp-Image-2020-11-17-at-13.21.591-400x300.jpeg 400w, https:\/\/www.elsindical.com.ar\/notas\/var\/www\/html\/notas\/wp-content\/uploads\/2020\/11\/WhatsApp-Image-2020-11-17-at-13.21.591.jpeg 1156w\" sizes=\"auto, (max-width: 1024px) 100vw, 1024px\" \/><\/figure><\/li><li class=\"blocks-gallery-item\"><figure><img loading=\"lazy\" decoding=\"async\" width=\"1024\" height=\"768\" src=\"https:\/\/www.elsindical.com.ar\/notas\/var\/www\/html\/notas\/wp-content\/uploads\/2020\/11\/WhatsApp-Image-2020-11-17-at-13.21.59-1024x768.jpeg\" alt=\"\" data-id=\"100381\" data-full-url=\"https:\/\/www.elsindical.com.ar\/notas\/var\/www\/html\/notas\/wp-content\/uploads\/2020\/11\/WhatsApp-Image-2020-11-17-at-13.21.59.jpeg\" data-link=\"https:\/\/www.elsindical.com.ar\/notas\/?attachment_id=100381#main\" class=\"wp-image-100381\" srcset=\"https:\/\/www.elsindical.com.ar\/notas\/var\/www\/html\/notas\/wp-content\/uploads\/2020\/11\/WhatsApp-Image-2020-11-17-at-13.21.59-1024x768.jpeg 1024w, https:\/\/www.elsindical.com.ar\/notas\/var\/www\/html\/notas\/wp-content\/uploads\/2020\/11\/WhatsApp-Image-2020-11-17-at-13.21.59-300x225.jpeg 300w, https:\/\/www.elsindical.com.ar\/notas\/var\/www\/html\/notas\/wp-content\/uploads\/2020\/11\/WhatsApp-Image-2020-11-17-at-13.21.59-768x576.jpeg 768w, https:\/\/www.elsindical.com.ar\/notas\/var\/www\/html\/notas\/wp-content\/uploads\/2020\/11\/WhatsApp-Image-2020-11-17-at-13.21.59-400x300.jpeg 400w, https:\/\/www.elsindical.com.ar\/notas\/var\/www\/html\/notas\/wp-content\/uploads\/2020\/11\/WhatsApp-Image-2020-11-17-at-13.21.59.jpeg 1280w\" sizes=\"auto, (max-width: 1024px) 100vw, 1024px\" \/><\/figure><\/li><li class=\"blocks-gallery-item\"><figure><img loading=\"lazy\" decoding=\"async\" width=\"1024\" height=\"576\" src=\"https:\/\/www.elsindical.com.ar\/notas\/var\/www\/html\/notas\/wp-content\/uploads\/2020\/11\/WhatsApp-Image-2020-11-17-at-13.21.58-1024x576.jpeg\" alt=\"\" data-id=\"100382\" data-full-url=\"https:\/\/www.elsindical.com.ar\/notas\/var\/www\/html\/notas\/wp-content\/uploads\/2020\/11\/WhatsApp-Image-2020-11-17-at-13.21.58.jpeg\" data-link=\"https:\/\/www.elsindical.com.ar\/notas\/?attachment_id=100382#main\" class=\"wp-image-100382\" srcset=\"https:\/\/www.elsindical.com.ar\/notas\/var\/www\/html\/notas\/wp-content\/uploads\/2020\/11\/WhatsApp-Image-2020-11-17-at-13.21.58-1024x576.jpeg 1024w, https:\/\/www.elsindical.com.ar\/notas\/var\/www\/html\/notas\/wp-content\/uploads\/2020\/11\/WhatsApp-Image-2020-11-17-at-13.21.58-300x169.jpeg 300w, https:\/\/www.elsindical.com.ar\/notas\/var\/www\/html\/notas\/wp-content\/uploads\/2020\/11\/WhatsApp-Image-2020-11-17-at-13.21.58-768x432.jpeg 768w, https:\/\/www.elsindical.com.ar\/notas\/var\/www\/html\/notas\/wp-content\/uploads\/2020\/11\/WhatsApp-Image-2020-11-17-at-13.21.58-500x281.jpeg 500w, https:\/\/www.elsindical.com.ar\/notas\/var\/www\/html\/notas\/wp-content\/uploads\/2020\/11\/WhatsApp-Image-2020-11-17-at-13.21.58-460x260.jpeg 460w, https:\/\/www.elsindical.com.ar\/notas\/var\/www\/html\/notas\/wp-content\/uploads\/2020\/11\/WhatsApp-Image-2020-11-17-at-13.21.58.jpeg 1280w\" sizes=\"auto, (max-width: 1024px) 100vw, 1024px\" \/><\/figure><\/li><\/ul><\/figure>\n","protected":false},"excerpt":{"rendered":"<p>Una investigaci\u00f3n de la Administraci\u00f3n Federal de Ingresos P\u00fablicos permiti\u00f3 desarticular una organizaci\u00f3n dedicada a la generaci\u00f3n de facturas falsas que eran utilizadas por reconocidas marcas de calzado. Las estimaciones preliminares arrojan que las usinas investigadas emitieron comprobantes por m\u00e1s de 1900 millones de pesos que, entre enero de 2018 y abril de 2020, habr\u00edan&hellip;<\/p>\n","protected":false},"author":1,"featured_media":100376,"comment_status":"open","ping_status":"open","sticky":false,"template":"","format":"standard","meta":{"footnotes":""},"categories":[22],"tags":[69,493,2450,33820,698],"class_list":["post-100375","post","type-post","status-publish","format-standard","has-post-thumbnail","hentry","category-policiales","tag-afip","tag-allanamientos","tag-diario-el-sindical","tag-facturas-falsas","tag-pfa"],"_links":{"self":[{"href":"https:\/\/www.elsindical.com.ar\/notas\/wp-json\/wp\/v2\/posts\/100375","targetHints":{"allow":["GET"]}}],"collection":[{"href":"https:\/\/www.elsindical.com.ar\/notas\/wp-json\/wp\/v2\/posts"}],"about":[{"href":"https:\/\/www.elsindical.com.ar\/notas\/wp-json\/wp\/v2\/types\/post"}],"author":[{"embeddable":true,"href":"https:\/\/www.elsindical.com.ar\/notas\/wp-json\/wp\/v2\/users\/1"}],"replies":[{"embeddable":true,"href":"https:\/\/www.elsindical.com.ar\/notas\/wp-json\/wp\/v2\/comments?post=100375"}],"version-history":[{"count":1,"href":"https:\/\/www.elsindical.com.ar\/notas\/wp-json\/wp\/v2\/posts\/100375\/revisions"}],"predecessor-version":[{"id":100383,"href":"https:\/\/www.elsindical.com.ar\/notas\/wp-json\/wp\/v2\/posts\/100375\/revisions\/100383"}],"wp:featuredmedia":[{"embeddable":true,"href":"https:\/\/www.elsindical.com.ar\/notas\/wp-json\/wp\/v2\/media\/100376"}],"wp:attachment":[{"href":"https:\/\/www.elsindical.com.ar\/notas\/wp-json\/wp\/v2\/media?parent=100375"}],"wp:term":[{"taxonomy":"category","embeddable":true,"href":"https:\/\/www.elsindical.com.ar\/notas\/wp-json\/wp\/v2\/categories?post=100375"},{"taxonomy":"post_tag","embeddable":true,"href":"https:\/\/www.elsindical.com.ar\/notas\/wp-json\/wp\/v2\/tags?post=100375"}],"curies":[{"name":"wp","href":"https:\/\/api.w.org\/{rel}","templated":true}]}}