{"id":100348,"date":"2020-11-16T19:07:41","date_gmt":"2020-11-16T22:07:41","guid":{"rendered":"https:\/\/www.elsindical.com.ar\/notas\/?p=100348"},"modified":"2020-11-16T19:07:44","modified_gmt":"2020-11-16T22:07:44","slug":"grave-situacion-la-agenda-ambiental-en-chascomus","status":"publish","type":"post","link":"https:\/\/www.elsindical.com.ar\/notas\/grave-situacion-la-agenda-ambiental-en-chascomus\/","title":{"rendered":"Grave Situaci\u00f3n: La agenda ambiental en Chascom\u00fas"},"content":{"rendered":"\n<figure class=\"wp-block-image size-large\"><img loading=\"lazy\" decoding=\"async\" width=\"1024\" height=\"1024\" src=\"https:\/\/www.elsindical.com.ar\/notas\/var\/www\/html\/notas\/wp-content\/uploads\/2020\/11\/Chascomus-1-1024x1024.jpg\" alt=\"\" class=\"wp-image-100349\" srcset=\"https:\/\/www.elsindical.com.ar\/notas\/var\/www\/html\/notas\/wp-content\/uploads\/2020\/11\/Chascomus-1-1024x1024.jpg 1024w, https:\/\/www.elsindical.com.ar\/notas\/var\/www\/html\/notas\/wp-content\/uploads\/2020\/11\/Chascomus-1-300x300.jpg 300w, https:\/\/www.elsindical.com.ar\/notas\/var\/www\/html\/notas\/wp-content\/uploads\/2020\/11\/Chascomus-1-150x150.jpg 150w, https:\/\/www.elsindical.com.ar\/notas\/var\/www\/html\/notas\/wp-content\/uploads\/2020\/11\/Chascomus-1-768x768.jpg 768w, https:\/\/www.elsindical.com.ar\/notas\/var\/www\/html\/notas\/wp-content\/uploads\/2020\/11\/Chascomus-1-50x50.jpg 50w, https:\/\/www.elsindical.com.ar\/notas\/var\/www\/html\/notas\/wp-content\/uploads\/2020\/11\/Chascomus-1.jpg 1280w\" sizes=\"auto, (max-width: 1024px) 100vw, 1024px\" \/><\/figure>\n\n\n\n<p class=\"wp-block-paragraph\"><strong>Estamos a tiempo de corregir, por una Ciudad Sustentable, Provincia de Buenos Aires, Argentina.<\/strong><\/p>\n\n\n\n<p class=\"wp-block-paragraph\">15.11.20.- ESTAS BRONCAS Y ANGUSTIAS se producen porque el Municipio desde el principio de este proyecto neg\u00f3 la participaci\u00f3n de la comunidad. DESDE AGENDA AMBIENTAL en todas las reuniones que mantuvimos con funcionarios del Ejecutivo: Otondo, Cipriano Perez del Cerro y Ricardo Micchino&nbsp; y con los Concejales y Concejalas de HDC les planteamos que sin participaci\u00f3n de la comunidad no ser\u00eda el mejor proyecto. Cambien planteamos que LA PLANTA PROCESADORA DE LOS RESIDUOS REGIONALES no puede estar cerca de viviendas ni del predio contaminado del ACTUAL BASURAL A CIELO ABIERTO. En relaci\u00f3n al relleno sanitario tambi\u00e9n les dijimos que no puede estar cerca de viviendas y personas y cursos de agua. EL MUNICIPIO FUE TOMANDO DECISIONES SIN CONSULTAR A LA COMUNIDAD y en todas perjudicaba o al ambiente o a la comunidad de un barrio. La primera y m\u00e1s grosera armar un relleno sanitario en el HUMEDAL DEL CASTILLO.<\/p>\n\n\n\n<p class=\"wp-block-paragraph\">Hay otros espacios para ubicar el polo y enterrar los residuos no recuperables&nbsp; seguramente. PERO TODA LA GESTI\u00d3N DE ESTE PROYECTO CARECE DE TRANSPARENCIA. Y cuando desde Agenda Ambiental pedimos transparencia, informaci\u00f3n y participaci\u00f3n nos dicen que ellos fueron votados para tomar las decisiones,&nbsp; CONTRADICIENDO QUE EN TEMAS AMBIENTALES POR LEY debe haber instancias de Participaci\u00f3n Ciudadana (consultas, audiencias p\u00fablicas, mesas de trabajo etc.). NOS QUEDA SEGUIR ORGANIZ\u00c1NDONOS- ACTUAR COLECTIVAMENTE- Y empezar a visualizar que&nbsp; los temas ambientales nos involucran a todos y todas en Chascom\u00fas. AHORA ES EL POLO AMBIENTAL, pero tenemos la planta depuradora de l\u00edquidos cloacales que no funciona o funciona muy mal, las fumigaciones con agrot\u00f3xicos cerca de barrios, los silos en la zona urbana, la calidad del agua, la falta de educaci\u00f3n ambiental permanente, la falta de pol\u00edticas p\u00fablicas de reciclado y de disminuci\u00f3n de producci\u00f3n de residuos. TODO LO QUE HOY APORTA AL CAMBIO CLIM\u00c1TICO Y QUE DESDE CHASCOM\u00daS podr\u00edamos aportar un granito de arena para frenarlo. EN FIN AGENDA AMBIENTAL EST\u00c1 PENSANDO EN TODO ESTO. Otra ciudad, otro pa\u00eds, otro mundo.<\/p>\n\n\n\n<p class=\"wp-block-paragraph\">SOCINCE -Agencia de Noticias para las Am\u00e9ricas-<\/p>\n\n\n\n<p class=\"wp-block-paragraph\"><strong>SOCINCE -Agencia de Noticias para las Am\u00e9ricas-<\/strong><\/p>\n\n\n\n<p class=\"wp-block-paragraph\">Dina Maldonado, Fernando Ojeda<\/p>\n\n\n\n<p class=\"wp-block-paragraph\">+54 9 11 6848 4088 &#8211;<\/p>\n\n\n\n<p class=\"wp-block-paragraph\"><a href=\"mailto:centro.social.informacion@gmail.com\">centro.social.informacion@gmail.com<\/a> <\/p>\n\n\n\n<figure class=\"wp-block-gallery columns-1 is-cropped wp-block-gallery-1 is-layout-flex wp-block-gallery-is-layout-flex\"><ul class=\"blocks-gallery-grid\"><li class=\"blocks-gallery-item\"><figure><img loading=\"lazy\" decoding=\"async\" width=\"720\" height=\"960\" src=\"https:\/\/www.elsindical.com.ar\/notas\/var\/www\/html\/notas\/wp-content\/uploads\/2020\/11\/Chascomus-3.jpg\" alt=\"\" data-id=\"100350\" data-full-url=\"https:\/\/www.elsindical.com.ar\/notas\/var\/www\/html\/notas\/wp-content\/uploads\/2020\/11\/Chascomus-3.jpg\" data-link=\"https:\/\/www.elsindical.com.ar\/notas\/?attachment_id=100350#main\" class=\"wp-image-100350\" srcset=\"https:\/\/www.elsindical.com.ar\/notas\/var\/www\/html\/notas\/wp-content\/uploads\/2020\/11\/Chascomus-3.jpg 720w, https:\/\/www.elsindical.com.ar\/notas\/var\/www\/html\/notas\/wp-content\/uploads\/2020\/11\/Chascomus-3-225x300.jpg 225w\" sizes=\"auto, (max-width: 720px) 100vw, 720px\" \/><\/figure><\/li><li class=\"blocks-gallery-item\"><figure><img loading=\"lazy\" decoding=\"async\" width=\"720\" height=\"960\" src=\"https:\/\/www.elsindical.com.ar\/notas\/var\/www\/html\/notas\/wp-content\/uploads\/2020\/11\/Chascomus-2.jpg\" alt=\"\" data-id=\"100351\" data-full-url=\"https:\/\/www.elsindical.com.ar\/notas\/var\/www\/html\/notas\/wp-content\/uploads\/2020\/11\/Chascomus-2.jpg\" data-link=\"https:\/\/www.elsindical.com.ar\/notas\/?attachment_id=100351#main\" class=\"wp-image-100351\" srcset=\"https:\/\/www.elsindical.com.ar\/notas\/var\/www\/html\/notas\/wp-content\/uploads\/2020\/11\/Chascomus-2.jpg 720w, https:\/\/www.elsindical.com.ar\/notas\/var\/www\/html\/notas\/wp-content\/uploads\/2020\/11\/Chascomus-2-225x300.jpg 225w\" sizes=\"auto, (max-width: 720px) 100vw, 720px\" \/><\/figure><\/li><\/ul><\/figure>\n","protected":false},"excerpt":{"rendered":"<p>Estamos a tiempo de corregir, por una Ciudad Sustentable, Provincia de Buenos Aires, Argentina. 15.11.20.- ESTAS BRONCAS Y ANGUSTIAS se producen porque el Municipio desde el principio de este proyecto neg\u00f3 la participaci\u00f3n de la comunidad. DESDE AGENDA AMBIENTAL en todas las reuniones que mantuvimos con funcionarios del Ejecutivo: Otondo, Cipriano Perez del Cerro y&hellip;<\/p>\n","protected":false},"author":1,"featured_media":100349,"comment_status":"open","ping_status":"open","sticky":false,"template":"","format":"standard","meta":{"footnotes":""},"categories":[25],"tags":[5134,13841,3274,2450,16587,22031],"class_list":["post-100348","post","type-post","status-publish","format-standard","has-post-thumbnail","hentry","category-sociedad","tag-basurales","tag-chascomus","tag-contaminacion","tag-diario-el-sindical","tag-hcd","tag-salud"],"_links":{"self":[{"href":"https:\/\/www.elsindical.com.ar\/notas\/wp-json\/wp\/v2\/posts\/100348","targetHints":{"allow":["GET"]}}],"collection":[{"href":"https:\/\/www.elsindical.com.ar\/notas\/wp-json\/wp\/v2\/posts"}],"about":[{"href":"https:\/\/www.elsindical.com.ar\/notas\/wp-json\/wp\/v2\/types\/post"}],"author":[{"embeddable":true,"href":"https:\/\/www.elsindical.com.ar\/notas\/wp-json\/wp\/v2\/users\/1"}],"replies":[{"embeddable":true,"href":"https:\/\/www.elsindical.com.ar\/notas\/wp-json\/wp\/v2\/comments?post=100348"}],"version-history":[{"count":1,"href":"https:\/\/www.elsindical.com.ar\/notas\/wp-json\/wp\/v2\/posts\/100348\/revisions"}],"predecessor-version":[{"id":100352,"href":"https:\/\/www.elsindical.com.ar\/notas\/wp-json\/wp\/v2\/posts\/100348\/revisions\/100352"}],"wp:featuredmedia":[{"embeddable":true,"href":"https:\/\/www.elsindical.com.ar\/notas\/wp-json\/wp\/v2\/media\/100349"}],"wp:attachment":[{"href":"https:\/\/www.elsindical.com.ar\/notas\/wp-json\/wp\/v2\/media?parent=100348"}],"wp:term":[{"taxonomy":"category","embeddable":true,"href":"https:\/\/www.elsindical.com.ar\/notas\/wp-json\/wp\/v2\/categories?post=100348"},{"taxonomy":"post_tag","embeddable":true,"href":"https:\/\/www.elsindical.com.ar\/notas\/wp-json\/wp\/v2\/tags?post=100348"}],"curies":[{"name":"wp","href":"https:\/\/api.w.org\/{rel}","templated":true}]}}