{"id":100321,"date":"2020-11-15T10:56:24","date_gmt":"2020-11-15T13:56:24","guid":{"rendered":"https:\/\/www.elsindical.com.ar\/notas\/?p=100321"},"modified":"2020-11-15T10:56:25","modified_gmt":"2020-11-15T13:56:25","slug":"caba-464-nuevos-casos-de-coronavirus-y-13-muertes-en-24-horas-tasa-de-mortalidad-se-mantiene-elevada","status":"publish","type":"post","link":"https:\/\/www.elsindical.com.ar\/notas\/caba-464-nuevos-casos-de-coronavirus-y-13-muertes-en-24-horas-tasa-de-mortalidad-se-mantiene-elevada\/","title":{"rendered":"CABA: 464 nuevos casos de Coronavirus y 13 muertes en 24 horas, tasa de mortalidad se mantiene elevada"},"content":{"rendered":"\n<figure class=\"wp-block-image size-large\"><img loading=\"lazy\" decoding=\"async\" width=\"1004\" height=\"565\" src=\"https:\/\/www.elsindical.com.ar\/notas\/var\/www\/html\/notas\/wp-content\/uploads\/2020\/11\/calle-DISPO.jpg\" alt=\"\" class=\"wp-image-100322\" srcset=\"https:\/\/www.elsindical.com.ar\/notas\/var\/www\/html\/notas\/wp-content\/uploads\/2020\/11\/calle-DISPO.jpg 1004w, https:\/\/www.elsindical.com.ar\/notas\/var\/www\/html\/notas\/wp-content\/uploads\/2020\/11\/calle-DISPO-300x169.jpg 300w, https:\/\/www.elsindical.com.ar\/notas\/var\/www\/html\/notas\/wp-content\/uploads\/2020\/11\/calle-DISPO-768x432.jpg 768w, https:\/\/www.elsindical.com.ar\/notas\/var\/www\/html\/notas\/wp-content\/uploads\/2020\/11\/calle-DISPO-500x281.jpg 500w, https:\/\/www.elsindical.com.ar\/notas\/var\/www\/html\/notas\/wp-content\/uploads\/2020\/11\/calle-DISPO-460x260.jpg 460w\" sizes=\"auto, (max-width: 1004px) 100vw, 1004px\" \/><\/figure>\n\n\n\n<p class=\"wp-block-paragraph\">El Ministerio de Salud porte\u00f1o contabiliza\u00a0153.367 contagiados,\u00a05.428 fallecidos y\u00a0130.476 recuperados\u00a0desde la llegada de la pandemia de <strong>Covid-19<\/strong> en el pa\u00eds, en marzo pasado.<\/p>\n\n\n\n<p class=\"wp-block-paragraph\">Un total de 464 nuevos casos y 13 muertos por <strong>coronavirus <\/strong>fueron reportados en las \u00faltimas 24 horas en la <strong>Ciudad de Buenos Aires<\/strong>, lo que elev\u00f3 a 5.428 el <strong>n\u00famero de fallecidos<\/strong> en el distrito y a 153.367 el de <strong>contagiados <\/strong>desde la llegada de la pandemia.<\/p>\n\n\n\n<p class=\"wp-block-paragraph\">La <strong>ocupaci\u00f3n de camas de terapia intensiva<\/strong> es del 25,7%, inform\u00f3 esta ma\u00f1ana el Ministerio de Salud porte\u00f1o en el parte diario de la situaci\u00f3n sanitaria.<\/p>\n\n\n\n<p class=\"wp-block-paragraph\">En ese sentido, precisaron que, en el <strong>sistema de salud p\u00fablica<\/strong>, est\u00e1n ocupadas 116 camas cr\u00edticas sobre un total de 450, mientras en los casos moderados la ocupaci\u00f3n es de 16% (240 sobre 1.500 disponibles) y en los leves 6% (302 sobre 5.000).<\/p>\n\n\n\n<p class=\"wp-block-paragraph\">La <strong>tasa de letalidad<\/strong>, es decir el porcentaje de decesos sobre diagn\u00f3sticos positivos, se ubica en el 3,54%.<\/p>\n\n\n\n<p class=\"wp-block-paragraph\">El parte del Gobierno porte\u00f1o de este domingo&nbsp;a\u00f1adi\u00f3 que 489 pacientes fueron dados de alta este s\u00e1bado,&nbsp;con lo cual suman 130.476 las <strong>personas recuperadas<\/strong> desde el inicio de la pandemia.<\/p>\n\n\n\n<p class=\"wp-block-paragraph\">Por otra parte, el sistema de salud del distrito notific\u00f3 388 nuevos casos de coronavirus correspondientes a <strong>personas no residentes<\/strong> en la Ciudad, con lo cual el total acumulado lleg\u00f3 a 117.328 mientras que registraron 5 fallecimientos (1.616 acumulado) y 324 fueron dados de alta (103.433 acumulado).<\/p>\n\n\n\n<p class=\"wp-block-paragraph\">Desde la llegada de la pandemia a la Argentina, a comienzos de marzo \u00faltimo, realizadon en la Ciudad de Buenos Aires un total de 745.584 <strong>hisopados<\/strong>, con un <strong>\u00edndice de positividad<\/strong> (casos confirmados sobre pruebas realizadas) acumulado de 36,4%, de los cuales 440.714 se realizaron a residentes del distrito, con una positividad del 35,3%.<\/p>\n\n\n\n<p class=\"wp-block-paragraph\">Del total de los 4.381 hisopados reportados este s\u00e1bado\u00a0(19,4% de positividad), 2.316 se\u00a0realizaron a residentes de la Ciudad (20,9% de positividad); y en los \u00faltimos siete d\u00edas,\u00a0realizaron 5,1 test cada mil habitantes.<\/p>\n\n\n\n<p class=\"wp-block-paragraph\">Informaron tambi\u00e9n&nbsp;que en los<strong> barrios populares porte\u00f1os<\/strong> fueron notificados este s\u00e1bado 6 nuevos casos de coronavirus, mientras que 8 personas ya fueron dadas de alta y se registr\u00f3 un deceso.<\/p>\n\n\n\n<p class=\"wp-block-paragraph\">El <strong>total acumulado de fallecidos<\/strong> en esos conglomerados es de 273, mientras que la cantidad de personas contagiadas desde marzo es de 17.301; las altas acumuladas son 16.095, y la tasa de letalidad es de 1,58%.<\/p>\n","protected":false},"excerpt":{"rendered":"<p>El Ministerio de Salud porte\u00f1o contabiliza\u00a0153.367 contagiados,\u00a05.428 fallecidos y\u00a0130.476 recuperados\u00a0desde la llegada de la pandemia de Covid-19 en el pa\u00eds, en marzo pasado. Un total de 464 nuevos casos y 13 muertos por coronavirus fueron reportados en las \u00faltimas 24 horas en la Ciudad de Buenos Aires, lo que elev\u00f3 a 5.428 el n\u00famero de&hellip;<\/p>\n","protected":false},"author":1,"featured_media":100322,"comment_status":"open","ping_status":"open","sticky":false,"template":"","format":"standard","meta":{"footnotes":""},"categories":[23],"tags":[4284,32346,32627,2450,33805],"class_list":["post-100321","post","type-post","status-publish","format-standard","has-post-thumbnail","hentry","category-salud","tag-caba","tag-coronavirus","tag-covid-19","tag-diario-el-sindical","tag-tasa-de-mortalidad"],"_links":{"self":[{"href":"https:\/\/www.elsindical.com.ar\/notas\/wp-json\/wp\/v2\/posts\/100321","targetHints":{"allow":["GET"]}}],"collection":[{"href":"https:\/\/www.elsindical.com.ar\/notas\/wp-json\/wp\/v2\/posts"}],"about":[{"href":"https:\/\/www.elsindical.com.ar\/notas\/wp-json\/wp\/v2\/types\/post"}],"author":[{"embeddable":true,"href":"https:\/\/www.elsindical.com.ar\/notas\/wp-json\/wp\/v2\/users\/1"}],"replies":[{"embeddable":true,"href":"https:\/\/www.elsindical.com.ar\/notas\/wp-json\/wp\/v2\/comments?post=100321"}],"version-history":[{"count":1,"href":"https:\/\/www.elsindical.com.ar\/notas\/wp-json\/wp\/v2\/posts\/100321\/revisions"}],"predecessor-version":[{"id":100323,"href":"https:\/\/www.elsindical.com.ar\/notas\/wp-json\/wp\/v2\/posts\/100321\/revisions\/100323"}],"wp:featuredmedia":[{"embeddable":true,"href":"https:\/\/www.elsindical.com.ar\/notas\/wp-json\/wp\/v2\/media\/100322"}],"wp:attachment":[{"href":"https:\/\/www.elsindical.com.ar\/notas\/wp-json\/wp\/v2\/media?parent=100321"}],"wp:term":[{"taxonomy":"category","embeddable":true,"href":"https:\/\/www.elsindical.com.ar\/notas\/wp-json\/wp\/v2\/categories?post=100321"},{"taxonomy":"post_tag","embeddable":true,"href":"https:\/\/www.elsindical.com.ar\/notas\/wp-json\/wp\/v2\/tags?post=100321"}],"curies":[{"name":"wp","href":"https:\/\/api.w.org\/{rel}","templated":true}]}}