{"id":100271,"date":"2020-11-13T09:25:44","date_gmt":"2020-11-13T12:25:44","guid":{"rendered":"https:\/\/www.elsindical.com.ar\/notas\/?p=100271"},"modified":"2020-11-13T09:25:48","modified_gmt":"2020-11-13T12:25:48","slug":"lomas-de-zamora-lo-mataron-de-un-palazo-en-la-cabeza-para-asaltarlo","status":"publish","type":"post","link":"https:\/\/www.elsindical.com.ar\/notas\/lomas-de-zamora-lo-mataron-de-un-palazo-en-la-cabeza-para-asaltarlo\/","title":{"rendered":"Lomas de Zamora: Lo mataron de un palazo en la cabeza para asaltarlo"},"content":{"rendered":"\n<figure class=\"wp-block-image size-large\"><img loading=\"lazy\" decoding=\"async\" width=\"970\" height=\"546\" src=\"https:\/\/www.elsindical.com.ar\/notas\/var\/www\/html\/notas\/wp-content\/uploads\/2020\/11\/Reserva-Santa-Catalina-asesinato-en-robo.jpg\" alt=\"\" class=\"wp-image-100272\" srcset=\"https:\/\/www.elsindical.com.ar\/notas\/var\/www\/html\/notas\/wp-content\/uploads\/2020\/11\/Reserva-Santa-Catalina-asesinato-en-robo.jpg 970w, https:\/\/www.elsindical.com.ar\/notas\/var\/www\/html\/notas\/wp-content\/uploads\/2020\/11\/Reserva-Santa-Catalina-asesinato-en-robo-300x169.jpg 300w, https:\/\/www.elsindical.com.ar\/notas\/var\/www\/html\/notas\/wp-content\/uploads\/2020\/11\/Reserva-Santa-Catalina-asesinato-en-robo-768x432.jpg 768w, https:\/\/www.elsindical.com.ar\/notas\/var\/www\/html\/notas\/wp-content\/uploads\/2020\/11\/Reserva-Santa-Catalina-asesinato-en-robo-500x281.jpg 500w, https:\/\/www.elsindical.com.ar\/notas\/var\/www\/html\/notas\/wp-content\/uploads\/2020\/11\/Reserva-Santa-Catalina-asesinato-en-robo-460x260.jpg 460w\" sizes=\"auto, (max-width: 970px) 100vw, 970px\" \/><\/figure>\n\n\n\n<p class=\"wp-block-paragraph\">Ocurri\u00f3 en la Reserva Santa Catalina. La v\u00edctima y una mujer que lo acompa\u00f1aba fueron interceptados por dos delincuentes.<\/p>\n\n\n\n<p class=\"wp-block-paragraph\">Un hombre fue asesinado de un palazo en la cabeza por dos delincuentes que le robaron las pertenencias a \u00e9l y a la mujer que lo acompa\u00f1aba en la Reserva Santa Catalina de Lomas de Zamora.<\/p>\n\n\n\n<p class=\"wp-block-paragraph\">El hecho ocurri\u00f3 el mi\u00e9rcoles, alrededor de las 19:00 hs., a unos 200 metros de uno de los accesos de la mencionada reserva, en el cruce de las calles Garibaldi y Pe\u00f1a, en la localidad de Parque Bar\u00f3n.<\/p>\n\n\n\n<p class=\"wp-block-paragraph\">Voceros judiciales informaron a la agencia estatal T\u00e9lam que al lugar hab\u00edan llegado en una camioneta de la empresa en la que trabajaba un operario identificado como Mario Aguirre (39) junto a una profesora de Educaci\u00f3n F\u00edsica que hab\u00eda conocido hac\u00eda cuatro meses.<\/p>\n\n\n\n<p class=\"wp-block-paragraph\">De acuerdo al testimonio de la mujer, por primera vez hab\u00edan acudido a la reserva para tomar mate y luego de estacionar el veh\u00edculo comenzaron a caminar hacia el interior del amplio predio.<\/p>\n\n\n\n<p class=\"wp-block-paragraph\">En esas circunstancias, fueron interceptados por dos delincuentes armados con un palo, quienes luego de amenazarlos con fines de robo golpearon fuertemente en la frente a Aguirre.<\/p>\n\n\n\n<p class=\"wp-block-paragraph\">Seg\u00fan las fuentes, tras el ataque, los asaltantes escaparon a pie con los tel\u00e9fonos celulares de ambas v\u00edctima, una billetera y el bolso de la profesora. Por su parte, Aguirre qued\u00f3 tendido en el suelo y muri\u00f3 en el lugar a ra\u00edz del fuerte golpe sufrido.<\/p>\n\n\n\n<p class=\"wp-block-paragraph\">Interviene en la causa el fiscal Lorenzo Latorre, a cargo de la Unidad Funcional de Instrucci\u00f3n (UFI) 3 del Departamento Judicial de Lomas de Zamora, quien dispuso el relevamiento de las c\u00e1maras de seguridad de los accesos a la reserva para intentar identificar a los agresores.<\/p>\n\n\n\n<p class=\"wp-block-paragraph\">Adem\u00e1s, los pesquisas buscaban material f\u00edlmico de otras c\u00e1maras ubicadas en la zona y procuraban rastrear los celulares robados.<\/p>\n","protected":false},"excerpt":{"rendered":"<p>Ocurri\u00f3 en la Reserva Santa Catalina. La v\u00edctima y una mujer que lo acompa\u00f1aba fueron interceptados por dos delincuentes. Un hombre fue asesinado de un palazo en la cabeza por dos delincuentes que le robaron las pertenencias a \u00e9l y a la mujer que lo acompa\u00f1aba en la Reserva Santa Catalina de Lomas de Zamora.&hellip;<\/p>\n","protected":false},"author":1,"featured_media":100272,"comment_status":"open","ping_status":"open","sticky":false,"template":"","format":"standard","meta":{"footnotes":""},"categories":[22],"tags":[2329,744,28332,116],"class_list":["post-100271","post","type-post","status-publish","format-standard","has-post-thumbnail","hentry","category-policiales","tag-homicidio","tag-lomas-de-zamora","tag-reserva-santa-catalina","tag-robo"],"_links":{"self":[{"href":"https:\/\/www.elsindical.com.ar\/notas\/wp-json\/wp\/v2\/posts\/100271","targetHints":{"allow":["GET"]}}],"collection":[{"href":"https:\/\/www.elsindical.com.ar\/notas\/wp-json\/wp\/v2\/posts"}],"about":[{"href":"https:\/\/www.elsindical.com.ar\/notas\/wp-json\/wp\/v2\/types\/post"}],"author":[{"embeddable":true,"href":"https:\/\/www.elsindical.com.ar\/notas\/wp-json\/wp\/v2\/users\/1"}],"replies":[{"embeddable":true,"href":"https:\/\/www.elsindical.com.ar\/notas\/wp-json\/wp\/v2\/comments?post=100271"}],"version-history":[{"count":1,"href":"https:\/\/www.elsindical.com.ar\/notas\/wp-json\/wp\/v2\/posts\/100271\/revisions"}],"predecessor-version":[{"id":100273,"href":"https:\/\/www.elsindical.com.ar\/notas\/wp-json\/wp\/v2\/posts\/100271\/revisions\/100273"}],"wp:featuredmedia":[{"embeddable":true,"href":"https:\/\/www.elsindical.com.ar\/notas\/wp-json\/wp\/v2\/media\/100272"}],"wp:attachment":[{"href":"https:\/\/www.elsindical.com.ar\/notas\/wp-json\/wp\/v2\/media?parent=100271"}],"wp:term":[{"taxonomy":"category","embeddable":true,"href":"https:\/\/www.elsindical.com.ar\/notas\/wp-json\/wp\/v2\/categories?post=100271"},{"taxonomy":"post_tag","embeddable":true,"href":"https:\/\/www.elsindical.com.ar\/notas\/wp-json\/wp\/v2\/tags?post=100271"}],"curies":[{"name":"wp","href":"https:\/\/api.w.org\/{rel}","templated":true}]}}