{"id":100237,"date":"2020-11-12T00:22:55","date_gmt":"2020-11-12T03:22:55","guid":{"rendered":"https:\/\/www.elsindical.com.ar\/notas\/?p=100237"},"modified":"2020-11-12T00:22:57","modified_gmt":"2020-11-12T03:22:57","slug":"el-dolar-blue-corto-la-racha-en-baja-y-subio-13","status":"publish","type":"post","link":"https:\/\/www.elsindical.com.ar\/notas\/el-dolar-blue-corto-la-racha-en-baja-y-subio-13\/","title":{"rendered":"El d\u00f3lar blue cort\u00f3 la racha en baja y subi\u00f3 $13"},"content":{"rendered":"\n<figure class=\"wp-block-image size-large\"><img loading=\"lazy\" decoding=\"async\" width=\"970\" height=\"546\" src=\"https:\/\/www.elsindical.com.ar\/notas\/var\/www\/html\/notas\/wp-content\/uploads\/2018\/12\/d\u00f3lares-pila.jpg\" alt=\"\" class=\"wp-image-83394\" srcset=\"https:\/\/www.elsindical.com.ar\/notas\/var\/www\/html\/notas\/wp-content\/uploads\/2018\/12\/d\u00f3lares-pila.jpg 970w, https:\/\/www.elsindical.com.ar\/notas\/var\/www\/html\/notas\/wp-content\/uploads\/2018\/12\/d\u00f3lares-pila-300x169.jpg 300w, https:\/\/www.elsindical.com.ar\/notas\/var\/www\/html\/notas\/wp-content\/uploads\/2018\/12\/d\u00f3lares-pila-768x432.jpg 768w, https:\/\/www.elsindical.com.ar\/notas\/var\/www\/html\/notas\/wp-content\/uploads\/2018\/12\/d\u00f3lares-pila-500x281.jpg 500w, https:\/\/www.elsindical.com.ar\/notas\/var\/www\/html\/notas\/wp-content\/uploads\/2018\/12\/d\u00f3lares-pila-460x260.jpg 460w\" sizes=\"auto, (max-width: 970px) 100vw, 970px\" \/><\/figure>\n\n\n\n<p>Cerr\u00f3 a $162. Tambi\u00e9n operan en alza los d\u00f3lares burs\u00e1tiles.<\/p>\n\n\n\n<p>El d\u00f3lar blue cort\u00f3 este mi\u00e9rcoles la racha en baja y rebot\u00f3 13 pesos para finalizar la jornada a 162 pesos. Es la primera suba que registra tras haber alcanzado la cotizaci\u00f3n r\u00e9cord de 195 pesos el 23 de octubre ya que luego acumul\u00f3 una ca\u00edda de 46 pesos en dos semanas.<\/p>\n\n\n\n<p>En tanto, la cotizaci\u00f3n del d\u00f3lar oficial finaliz\u00f3 en 85,04 pesos en promedio, con una suba marginal de un centavo respecto al cierre de ayer. En el Banco Naci\u00f3n se mantuvo en 84,75 pesos.<\/p>\n\n\n\n<p>Asimismo, en el mercado burs\u00e1til el contado con liquidaci\u00f3n (CCL) avanza 0,9 por ciento, a 147,70 pesos, en el tramo final de la rueda.<\/p>\n\n\n\n<p>Por su parte, el denominado d\u00f3lar MEP opera tambi\u00e9n con un incremento de 0,9 por ciento, en 142,68 pesos por unidad.<\/p>\n\n\n\n<p>En el segmento mayorista la cotizaci\u00f3n de la divisa estadounidense subi\u00f3 seis centavos respecto a la v\u00edspera, en 79,49 pesos.<\/p>\n\n\n\n<p>As\u00ed, el d\u00f3lar con el recargo de 30 por ciento -contemplado en el impuesto Pa\u00eds-, marc\u00f3 un promedio de 110,55 pesos por unidad; y con el anticipo a cuenta del Impuesto a las Ganancias de un 35 por ciento sobre la compra de divisas, el valor promedio fue de 140,31 pesos.<\/p>\n","protected":false},"excerpt":{"rendered":"<p>Cerr\u00f3 a $162. Tambi\u00e9n operan en alza los d\u00f3lares burs\u00e1tiles. El d\u00f3lar blue cort\u00f3 este mi\u00e9rcoles la racha en baja y rebot\u00f3 13 pesos para finalizar la jornada a 162 pesos. Es la primera suba que registra tras haber alcanzado la cotizaci\u00f3n r\u00e9cord de 195 pesos el 23 de octubre ya que luego acumul\u00f3 una&hellip;<\/p>\n","protected":false},"author":1,"featured_media":83394,"comment_status":"open","ping_status":"open","sticky":false,"template":"","format":"standard","meta":{"footnotes":""},"categories":[9],"tags":[26600,2450,8512,20071,22023],"class_list":["post-100237","post","type-post","status-publish","format-standard","has-post-thumbnail","hentry","category-economia","tag-cotizacion","tag-diario-el-sindical","tag-dolar","tag-dolar-blue","tag-economia"],"_links":{"self":[{"href":"https:\/\/www.elsindical.com.ar\/notas\/wp-json\/wp\/v2\/posts\/100237","targetHints":{"allow":["GET"]}}],"collection":[{"href":"https:\/\/www.elsindical.com.ar\/notas\/wp-json\/wp\/v2\/posts"}],"about":[{"href":"https:\/\/www.elsindical.com.ar\/notas\/wp-json\/wp\/v2\/types\/post"}],"author":[{"embeddable":true,"href":"https:\/\/www.elsindical.com.ar\/notas\/wp-json\/wp\/v2\/users\/1"}],"replies":[{"embeddable":true,"href":"https:\/\/www.elsindical.com.ar\/notas\/wp-json\/wp\/v2\/comments?post=100237"}],"version-history":[{"count":1,"href":"https:\/\/www.elsindical.com.ar\/notas\/wp-json\/wp\/v2\/posts\/100237\/revisions"}],"predecessor-version":[{"id":100238,"href":"https:\/\/www.elsindical.com.ar\/notas\/wp-json\/wp\/v2\/posts\/100237\/revisions\/100238"}],"wp:featuredmedia":[{"embeddable":true,"href":"https:\/\/www.elsindical.com.ar\/notas\/wp-json\/wp\/v2\/media\/83394"}],"wp:attachment":[{"href":"https:\/\/www.elsindical.com.ar\/notas\/wp-json\/wp\/v2\/media?parent=100237"}],"wp:term":[{"taxonomy":"category","embeddable":true,"href":"https:\/\/www.elsindical.com.ar\/notas\/wp-json\/wp\/v2\/categories?post=100237"},{"taxonomy":"post_tag","embeddable":true,"href":"https:\/\/www.elsindical.com.ar\/notas\/wp-json\/wp\/v2\/tags?post=100237"}],"curies":[{"name":"wp","href":"https:\/\/api.w.org\/{rel}","templated":true}]}}