{"id":100157,"date":"2020-11-09T10:23:23","date_gmt":"2020-11-09T13:23:23","guid":{"rendered":"https:\/\/www.elsindical.com.ar\/notas\/?p=100157"},"modified":"2020-11-09T10:26:43","modified_gmt":"2020-11-09T13:26:43","slug":"avellaneda-continuan-los-reclamos-por-despidos","status":"publish","type":"post","link":"https:\/\/www.elsindical.com.ar\/notas\/avellaneda-continuan-los-reclamos-por-despidos\/","title":{"rendered":"Avellaneda: Contin\u00faan los reclamos por despidos"},"content":{"rendered":"\n<figure class=\"wp-block-image size-large\"><img loading=\"lazy\" decoding=\"async\" width=\"1024\" height=\"768\" src=\"https:\/\/www.elsindical.com.ar\/notas\/var\/www\/html\/notas\/wp-content\/uploads\/2020\/11\/WhatsApp-Image-2020-11-09-at-09.19.53-1024x768.jpeg\" alt=\"\" class=\"wp-image-100158\" srcset=\"https:\/\/www.elsindical.com.ar\/notas\/var\/www\/html\/notas\/wp-content\/uploads\/2020\/11\/WhatsApp-Image-2020-11-09-at-09.19.53-1024x768.jpeg 1024w, https:\/\/www.elsindical.com.ar\/notas\/var\/www\/html\/notas\/wp-content\/uploads\/2020\/11\/WhatsApp-Image-2020-11-09-at-09.19.53-300x225.jpeg 300w, https:\/\/www.elsindical.com.ar\/notas\/var\/www\/html\/notas\/wp-content\/uploads\/2020\/11\/WhatsApp-Image-2020-11-09-at-09.19.53-768x576.jpeg 768w, https:\/\/www.elsindical.com.ar\/notas\/var\/www\/html\/notas\/wp-content\/uploads\/2020\/11\/WhatsApp-Image-2020-11-09-at-09.19.53-400x300.jpeg 400w, https:\/\/www.elsindical.com.ar\/notas\/var\/www\/html\/notas\/wp-content\/uploads\/2020\/11\/WhatsApp-Image-2020-11-09-at-09.19.53.jpeg 1280w\" sizes=\"auto, (max-width: 1024px) 100vw, 1024px\" \/><\/figure>\n\n\n\n<p>Reclamo en la empresa Weyedaex SRL de Paraguay 354 Pi\u00f1eyro &#8211; Avellaneda por el despido de 9 trabajadores.<\/p>\n\n\n\n<p>Contin\u00faan los trabajadores con la protesta y la presencia en el lugar por los trabajadores despedidos, son acompa\u00f1ados y asesorados por el SECLA.<\/p>\n\n\n\n<figure class=\"wp-block-embed-youtube wp-block-embed is-type-video is-provider-youtube wp-embed-aspect-16-9 wp-has-aspect-ratio\"><div class=\"wp-block-embed__wrapper\">\n<iframe loading=\"lazy\" title=\"Avellaneda: Contin\u00faan los reclamos por despidos\" width=\"700\" height=\"394\" src=\"https:\/\/www.youtube.com\/embed\/0AEA4N801nI?feature=oembed\" frameborder=\"0\" allow=\"accelerometer; autoplay; clipboard-write; encrypted-media; gyroscope; picture-in-picture\" allowfullscreen><\/iframe>\n<\/div><\/figure>\n","protected":false},"excerpt":{"rendered":"<p>Reclamo en la empresa Weyedaex SRL de Paraguay 354 Pi\u00f1eyro &#8211; Avellaneda por el despido de 9 trabajadores. Contin\u00faan los trabajadores con la protesta y la presencia en el lugar por los trabajadores despedidos, son acompa\u00f1ados y asesorados por el SECLA.<\/p>\n","protected":false},"author":1,"featured_media":100158,"comment_status":"open","ping_status":"open","sticky":false,"template":"","format":"standard","meta":{"footnotes":""},"categories":[16],"tags":[461,53,2450,13091,33780],"class_list":["post-100157","post","type-post","status-publish","format-standard","has-post-thumbnail","hentry","category-gremiales","tag-avellaneda","tag-despidos","tag-diario-el-sindical","tag-secla","tag-weyedaex-srl"],"_links":{"self":[{"href":"https:\/\/www.elsindical.com.ar\/notas\/wp-json\/wp\/v2\/posts\/100157","targetHints":{"allow":["GET"]}}],"collection":[{"href":"https:\/\/www.elsindical.com.ar\/notas\/wp-json\/wp\/v2\/posts"}],"about":[{"href":"https:\/\/www.elsindical.com.ar\/notas\/wp-json\/wp\/v2\/types\/post"}],"author":[{"embeddable":true,"href":"https:\/\/www.elsindical.com.ar\/notas\/wp-json\/wp\/v2\/users\/1"}],"replies":[{"embeddable":true,"href":"https:\/\/www.elsindical.com.ar\/notas\/wp-json\/wp\/v2\/comments?post=100157"}],"version-history":[{"count":2,"href":"https:\/\/www.elsindical.com.ar\/notas\/wp-json\/wp\/v2\/posts\/100157\/revisions"}],"predecessor-version":[{"id":100160,"href":"https:\/\/www.elsindical.com.ar\/notas\/wp-json\/wp\/v2\/posts\/100157\/revisions\/100160"}],"wp:featuredmedia":[{"embeddable":true,"href":"https:\/\/www.elsindical.com.ar\/notas\/wp-json\/wp\/v2\/media\/100158"}],"wp:attachment":[{"href":"https:\/\/www.elsindical.com.ar\/notas\/wp-json\/wp\/v2\/media?parent=100157"}],"wp:term":[{"taxonomy":"category","embeddable":true,"href":"https:\/\/www.elsindical.com.ar\/notas\/wp-json\/wp\/v2\/categories?post=100157"},{"taxonomy":"post_tag","embeddable":true,"href":"https:\/\/www.elsindical.com.ar\/notas\/wp-json\/wp\/v2\/tags?post=100157"}],"curies":[{"name":"wp","href":"https:\/\/api.w.org\/{rel}","templated":true}]}}