{"id":100153,"date":"2020-11-09T10:02:42","date_gmt":"2020-11-09T13:02:42","guid":{"rendered":"https:\/\/www.elsindical.com.ar\/notas\/?p=100153"},"modified":"2020-11-09T10:02:44","modified_gmt":"2020-11-09T13:02:44","slug":"a-pesar-del-dispo-la-justicia-bonaerense-continuara-trabajando-a-distancia","status":"publish","type":"post","link":"https:\/\/www.elsindical.com.ar\/notas\/a-pesar-del-dispo-la-justicia-bonaerense-continuara-trabajando-a-distancia\/","title":{"rendered":"A pesar del DISPO, la Justicia bonaerense continuar\u00e1 trabajando a distancia"},"content":{"rendered":"\n<figure class=\"wp-block-image size-large\"><img loading=\"lazy\" decoding=\"async\" width=\"800\" height=\"600\" src=\"https:\/\/www.elsindical.com.ar\/notas\/var\/www\/html\/notas\/wp-content\/uploads\/2019\/12\/Suprema-Corte-Bonaerense.jpg\" alt=\"\" class=\"wp-image-92094\" srcset=\"https:\/\/www.elsindical.com.ar\/notas\/var\/www\/html\/notas\/wp-content\/uploads\/2019\/12\/Suprema-Corte-Bonaerense.jpg 800w, https:\/\/www.elsindical.com.ar\/notas\/var\/www\/html\/notas\/wp-content\/uploads\/2019\/12\/Suprema-Corte-Bonaerense-300x225.jpg 300w, https:\/\/www.elsindical.com.ar\/notas\/var\/www\/html\/notas\/wp-content\/uploads\/2019\/12\/Suprema-Corte-Bonaerense-768x576.jpg 768w, https:\/\/www.elsindical.com.ar\/notas\/var\/www\/html\/notas\/wp-content\/uploads\/2019\/12\/Suprema-Corte-Bonaerense-400x300.jpg 400w\" sizes=\"auto, (max-width: 800px) 100vw, 800px\" \/><\/figure>\n\n\n\n<p>La Suprema Corte de Justicia bonaerense dispuso prorrogar las disposiciones que establecen un sistema mixto presencial y virtual en la administraci\u00f3n del Poder Judicial. La modalidad se mantiene m\u00e1s all\u00e1 del cambio de aislamiento a distanciamiento decretado por el Gobierno Nacional en el AMBA.<\/p>\n\n\n\n<p>En una resoluci\u00f3n de este fin de semana, el presidente de la Suprema Corte, Daniel Soria, dispuso extender las vigencias de las resoluciones que establecieron un trabajo mayormente a distancia en juzgados, tribunales, fiscal\u00edas y defensor\u00edas de la Provincia de Buenos Aires.<\/p>\n\n\n\n<p>Luego de las aperturas de las \u00faltimas semanas y el establecimiento del distanciamiento obligatorio en el AMBA se especulaba con un incremento del trabajo presencial en la Justicia, pero \u00a0con esta resoluci\u00f3n la Corte bonaerense ratifica la continuidad de la actual modalidad implementada por la pandemia del coronavirus.<\/p>\n","protected":false},"excerpt":{"rendered":"<p>La Suprema Corte de Justicia bonaerense dispuso prorrogar las disposiciones que establecen un sistema mixto presencial y virtual en la administraci\u00f3n del Poder Judicial. La modalidad se mantiene m\u00e1s all\u00e1 del cambio de aislamiento a distanciamiento decretado por el Gobierno Nacional en el AMBA. En una resoluci\u00f3n de este fin de semana, el presidente de&hellip;<\/p>\n","protected":false},"author":1,"featured_media":92094,"comment_status":"open","ping_status":"open","sticky":false,"template":"","format":"standard","meta":{"footnotes":""},"categories":[20],"tags":[3468,33255,2450,2281,9539],"class_list":["post-100153","post","type-post","status-publish","format-standard","has-post-thumbnail","hentry","category-judiciales","tag-amba","tag-aspo","tag-diario-el-sindical","tag-poder-judicial","tag-suprema-corte-bonaerense"],"_links":{"self":[{"href":"https:\/\/www.elsindical.com.ar\/notas\/wp-json\/wp\/v2\/posts\/100153","targetHints":{"allow":["GET"]}}],"collection":[{"href":"https:\/\/www.elsindical.com.ar\/notas\/wp-json\/wp\/v2\/posts"}],"about":[{"href":"https:\/\/www.elsindical.com.ar\/notas\/wp-json\/wp\/v2\/types\/post"}],"author":[{"embeddable":true,"href":"https:\/\/www.elsindical.com.ar\/notas\/wp-json\/wp\/v2\/users\/1"}],"replies":[{"embeddable":true,"href":"https:\/\/www.elsindical.com.ar\/notas\/wp-json\/wp\/v2\/comments?post=100153"}],"version-history":[{"count":1,"href":"https:\/\/www.elsindical.com.ar\/notas\/wp-json\/wp\/v2\/posts\/100153\/revisions"}],"predecessor-version":[{"id":100154,"href":"https:\/\/www.elsindical.com.ar\/notas\/wp-json\/wp\/v2\/posts\/100153\/revisions\/100154"}],"wp:featuredmedia":[{"embeddable":true,"href":"https:\/\/www.elsindical.com.ar\/notas\/wp-json\/wp\/v2\/media\/92094"}],"wp:attachment":[{"href":"https:\/\/www.elsindical.com.ar\/notas\/wp-json\/wp\/v2\/media?parent=100153"}],"wp:term":[{"taxonomy":"category","embeddable":true,"href":"https:\/\/www.elsindical.com.ar\/notas\/wp-json\/wp\/v2\/categories?post=100153"},{"taxonomy":"post_tag","embeddable":true,"href":"https:\/\/www.elsindical.com.ar\/notas\/wp-json\/wp\/v2\/tags?post=100153"}],"curies":[{"name":"wp","href":"https:\/\/api.w.org\/{rel}","templated":true}]}}