{"id":100118,"date":"2020-11-08T17:05:40","date_gmt":"2020-11-08T20:05:40","guid":{"rendered":"https:\/\/www.elsindical.com.ar\/notas\/?p=100118"},"modified":"2020-11-08T17:05:42","modified_gmt":"2020-11-08T20:05:42","slug":"allanamientos-en-llavallol-y-don-orione-cae-banda-que-distribuia-imagenes-de-abuso-sexual-infantil","status":"publish","type":"post","link":"https:\/\/www.elsindical.com.ar\/notas\/allanamientos-en-llavallol-y-don-orione-cae-banda-que-distribuia-imagenes-de-abuso-sexual-infantil\/","title":{"rendered":"Allanamientos en Llavallol y Don Orione: Cae banda que distribu\u00eda im\u00e1genes de abuso sexual infantil"},"content":{"rendered":"\n<figure class=\"wp-block-image size-large\"><img loading=\"lazy\" decoding=\"async\" width=\"1024\" height=\"768\" src=\"https:\/\/www.elsindical.com.ar\/notas\/var\/www\/html\/notas\/wp-content\/uploads\/2020\/11\/allanamientos-PFA-pedofilia-1024x768.jpeg\" alt=\"\" class=\"wp-image-100119\" srcset=\"https:\/\/www.elsindical.com.ar\/notas\/var\/www\/html\/notas\/wp-content\/uploads\/2020\/11\/allanamientos-PFA-pedofilia-1024x768.jpeg 1024w, https:\/\/www.elsindical.com.ar\/notas\/var\/www\/html\/notas\/wp-content\/uploads\/2020\/11\/allanamientos-PFA-pedofilia-300x225.jpeg 300w, https:\/\/www.elsindical.com.ar\/notas\/var\/www\/html\/notas\/wp-content\/uploads\/2020\/11\/allanamientos-PFA-pedofilia-768x576.jpeg 768w, https:\/\/www.elsindical.com.ar\/notas\/var\/www\/html\/notas\/wp-content\/uploads\/2020\/11\/allanamientos-PFA-pedofilia-400x300.jpeg 400w, https:\/\/www.elsindical.com.ar\/notas\/var\/www\/html\/notas\/wp-content\/uploads\/2020\/11\/allanamientos-PFA-pedofilia.jpeg 1040w\" sizes=\"auto, (max-width: 1024px) 100vw, 1024px\" \/><\/figure>\n\n\n\n<p class=\"wp-block-paragraph\">Dos viviendas de Llavallol, en Lomas de Zamora, y de Don Orione, en Almirante Brown, fueron allanadas en el marco de una investigaci\u00f3n en la que se desbarat\u00f3 una organizaci\u00f3n internacional dedicada a la distribuci\u00f3n de im\u00e1genes de abuso sexual infantil.<\/p>\n\n\n\n<p class=\"wp-block-paragraph\">La investigaci\u00f3n en el sur bonaerense fue encabezada por la fiscal Mar\u00eda Delia Recalde, de la UFI 9 de Lomas.<\/p>\n\n\n\n<p class=\"wp-block-paragraph\">En los allanamientos de Llavallol y de Don Orione fueron imputadas 4 personas por el delito de distribuci\u00f3n de pornograf\u00eda infantil.<\/p>\n\n\n\n<p class=\"wp-block-paragraph\">En tanto, se secuestraron discos r\u00edgidos, pendrives y DVD\u00b4s que ser\u00e1n peritados. A los lugares se lleg\u00f3 a partir de la identificaci\u00f3n de las computadoras desde donde se distribu\u00eda el material de abuso sexual infantil.<\/p>\n\n\n\n<p class=\"wp-block-paragraph\">Las fuerzas de seguridad argentinas que desempe\u00f1aron tareas en este caso son: la Polic\u00eda de la Ciudad de Buenos Aires, la Polic\u00eda Federal Argentina, la Gendarmer\u00eda Nacional Argentina, la Polic\u00eda de la provincia de Buenos Aires; la Polic\u00eda de la provincia de Chaco; la Agencia de Investigaci\u00f3n Criminal (A.I.C) de la provincia de Santa Fe y la Polic\u00eda Judicial de la provincia de C\u00f3rdoba.<\/p>\n\n\n\n<p class=\"wp-block-paragraph\">En referencia a la provincia de Buenos Aires, participaron de la investigaci\u00f3n y allanamientos por la Polic\u00eda de la provincia de Buenos Aires, la Direcci\u00f3n Departamental de Investigaciones La Plata \u2013 Delitos inform\u00e1ticos; por la Polic\u00eda Federal Argentina, la Divisi\u00f3n Delitos Cibern\u00e9ticos Contra La Ni\u00f1ez y La Adolescencia; y por la Gendarmer\u00eda Nacional Argentina, la Delegaci\u00f3n Bah\u00eda Blanca.<\/p>\n\n\n\n<p class=\"wp-block-paragraph\">Los allanamientos se realizaron en distintos pa\u00edses. En tanto, en Argentina los operativos se efectuaron en la provincia de Buenos Aires, C\u00f3rdoba, Entre R\u00edos, Santa Fe y la Ciudad de Buenos Aires.<\/p>\n","protected":false},"excerpt":{"rendered":"<p>Dos viviendas de Llavallol, en Lomas de Zamora, y de Don Orione, en Almirante Brown, fueron allanadas en el marco de una investigaci\u00f3n en la que se desbarat\u00f3 una organizaci\u00f3n internacional dedicada a la distribuci\u00f3n de im\u00e1genes de abuso sexual infantil. La investigaci\u00f3n en el sur bonaerense fue encabezada por la fiscal Mar\u00eda Delia Recalde,&hellip;<\/p>\n","protected":false},"author":1,"featured_media":100119,"comment_status":"open","ping_status":"open","sticky":false,"template":"","format":"standard","meta":{"footnotes":""},"categories":[22],"tags":[2450,10129,11409,21017,30065],"class_list":["post-100118","post","type-post","status-publish","format-standard","has-post-thumbnail","hentry","category-policiales","tag-diario-el-sindical","tag-don-orione","tag-fiscal-maria-delia-recalde","tag-llavallol","tag-pedofilia-2"],"_links":{"self":[{"href":"https:\/\/www.elsindical.com.ar\/notas\/wp-json\/wp\/v2\/posts\/100118","targetHints":{"allow":["GET"]}}],"collection":[{"href":"https:\/\/www.elsindical.com.ar\/notas\/wp-json\/wp\/v2\/posts"}],"about":[{"href":"https:\/\/www.elsindical.com.ar\/notas\/wp-json\/wp\/v2\/types\/post"}],"author":[{"embeddable":true,"href":"https:\/\/www.elsindical.com.ar\/notas\/wp-json\/wp\/v2\/users\/1"}],"replies":[{"embeddable":true,"href":"https:\/\/www.elsindical.com.ar\/notas\/wp-json\/wp\/v2\/comments?post=100118"}],"version-history":[{"count":1,"href":"https:\/\/www.elsindical.com.ar\/notas\/wp-json\/wp\/v2\/posts\/100118\/revisions"}],"predecessor-version":[{"id":100120,"href":"https:\/\/www.elsindical.com.ar\/notas\/wp-json\/wp\/v2\/posts\/100118\/revisions\/100120"}],"wp:featuredmedia":[{"embeddable":true,"href":"https:\/\/www.elsindical.com.ar\/notas\/wp-json\/wp\/v2\/media\/100119"}],"wp:attachment":[{"href":"https:\/\/www.elsindical.com.ar\/notas\/wp-json\/wp\/v2\/media?parent=100118"}],"wp:term":[{"taxonomy":"category","embeddable":true,"href":"https:\/\/www.elsindical.com.ar\/notas\/wp-json\/wp\/v2\/categories?post=100118"},{"taxonomy":"post_tag","embeddable":true,"href":"https:\/\/www.elsindical.com.ar\/notas\/wp-json\/wp\/v2\/tags?post=100118"}],"curies":[{"name":"wp","href":"https:\/\/api.w.org\/{rel}","templated":true}]}}