{"id":100061,"date":"2020-11-05T12:15:42","date_gmt":"2020-11-05T15:15:42","guid":{"rendered":"https:\/\/www.elsindical.com.ar\/notas\/?p=100061"},"modified":"2020-11-05T12:16:21","modified_gmt":"2020-11-05T15:16:21","slug":"no-son-vagos-solo-brutos","status":"publish","type":"post","link":"https:\/\/www.elsindical.com.ar\/notas\/no-son-vagos-solo-brutos\/","title":{"rendered":"No son vagos, solo \u00abbrutos\u00bb"},"content":{"rendered":"\n<figure class=\"wp-block-image size-large\"><img loading=\"lazy\" decoding=\"async\" width=\"540\" height=\"530\" src=\"https:\/\/www.elsindical.com.ar\/notas\/var\/www\/html\/notas\/wp-content\/uploads\/2020\/11\/vagos.jpg\" alt=\"\" class=\"wp-image-100062\" srcset=\"https:\/\/www.elsindical.com.ar\/notas\/var\/www\/html\/notas\/wp-content\/uploads\/2020\/11\/vagos.jpg 540w, https:\/\/www.elsindical.com.ar\/notas\/var\/www\/html\/notas\/wp-content\/uploads\/2020\/11\/vagos-300x294.jpg 300w, https:\/\/www.elsindical.com.ar\/notas\/var\/www\/html\/notas\/wp-content\/uploads\/2020\/11\/vagos-306x300.jpg 306w, https:\/\/www.elsindical.com.ar\/notas\/var\/www\/html\/notas\/wp-content\/uploads\/2020\/11\/vagos-50x50.jpg 50w\" sizes=\"auto, (max-width: 540px) 100vw, 540px\" \/><\/figure>\n\n\n\n<p>Voy a dar mi opini\u00f3n fundada, respecto de algunas pavadas que se publican y los mediocres aplauden como si fueran los mandamientos.Aplaudir que en tu casa te hayan dicho o estudias o trabajas no queremos VAGOS, no te hace una persona \u00fatil para la sociedad, ser\u00e1s en todo caso una buena persona que es otra cosa.Le\u00ed alguien que se jactaba de tener 7 hijos todos trabajadores, no vagos y no profesionales, bueno se\u00f1ora, usted es una mala persona, hubiera tenido el hijo o los que pod\u00eda brindarles oportunidades de estudiar y no la necesidad de solo trabajar, un pueblo bruto e ignorante suele ser m\u00e1s pobre que los pa\u00edses con ciudadanos profesionales, digo esto porque viv\u00edmos en el mundo, en el planeta tierra no en el para\u00edso, ac\u00e1 no se premia al bueno y ustedes por m\u00e1s que les duela no son buenos si engendran sin un plan personal y luego familiar.Hablan de que a ustedes no les ense\u00f1aron a cortar rutas sino a trabajar, bueno, los que sosn sus patrones cuando tienen que hacerlo, cortan rutas, calles, desobedecen las ordenes judiciales e incluso recurren a la violencia, digo ante eso \u00bfno se sienten un poco pelotudxs?Hay muchos reconocidos economistas, abogados y pol\u00edticos que pregonan la abolici\u00f3n de todos los contratos laborales y la eliminaci\u00f3n de los sindicatos, seg\u00fan ellos con eso se abrir\u00eda el mercado laboral y se terminan los sindicalistas corruptos, digo, el diner de los sindicalistas corruptos que no tengo dudas los hay y que deber\u00edan terminar presos y sin un peso, \u00bfde d\u00f3nde sali\u00f3?, no se hicieron millonarios con la cuota sindical.Creo que hay que tener cuidado en lo que se aplaude por las redes sociales, porque son el lugar donde se hacen los mejores testeos sociales, para los pol\u00edticos las redes sociales son lo mejor que pudo pasarles, con solo contratar una consultora testeas a millones, influ\u00eds en millones e incluso instalas conceptos que te benefician.As\u00ed que dejen de actuar como \u00abfocas\u00bb, tengan un poco de dignidad, pero por sobre todo no se mientan, no hay nada para festejar, no son buenos padres por generar mano de obra barata y entregarles gente sin conocimientos b\u00e1sicos a emperesarios y pol\u00edticos ambiciosos.<\/p>\n\n\n\n<p><a href=\"https:\/\/www.facebook.com\/hashtag\/redessociales?__eep__=6&amp;__cft__[0]=AZVEglWDcIHe4dbCrSSbLTeHJZHCMbewnS6otLLMQNMjI4sYtS5R9zPeZRN303d5t0nbtKnI1QH8TR7hwBZoraOpEcpq9dwIs2fkIuGnv3JsaA&amp;__tn__=*NK-R\">#redessociales<\/a><a href=\"https:\/\/www.facebook.com\/hashtag\/educaci%C3%B3n?__eep__=6&amp;__cft__[0]=AZVEglWDcIHe4dbCrSSbLTeHJZHCMbewnS6otLLMQNMjI4sYtS5R9zPeZRN303d5t0nbtKnI1QH8TR7hwBZoraOpEcpq9dwIs2fkIuGnv3JsaA&amp;__tn__=*NK-R\">#educaci\u00f3n<\/a><a href=\"https:\/\/www.facebook.com\/hashtag\/trabajo?__eep__=6&amp;__cft__[0]=AZVEglWDcIHe4dbCrSSbLTeHJZHCMbewnS6otLLMQNMjI4sYtS5R9zPeZRN303d5t0nbtKnI1QH8TR7hwBZoraOpEcpq9dwIs2fkIuGnv3JsaA&amp;__tn__=*NK-R\">#trabajo<\/a><a href=\"https:\/\/www.facebook.com\/hashtag\/vagos?__eep__=6&amp;__cft__[0]=AZVEglWDcIHe4dbCrSSbLTeHJZHCMbewnS6otLLMQNMjI4sYtS5R9zPeZRN303d5t0nbtKnI1QH8TR7hwBZoraOpEcpq9dwIs2fkIuGnv3JsaA&amp;__tn__=*NK-R\">#vagos<\/a><\/p>\n\n\n\n<p>Por Marcelo Ricardo Hawrylciw<\/p>\n","protected":false},"excerpt":{"rendered":"<p>Voy a dar mi opini\u00f3n fundada, respecto de algunas pavadas que se publican y los mediocres aplauden como si fueran los mandamientos.Aplaudir que en tu casa te hayan dicho o estudias o trabajas no queremos VAGOS, no te hace una persona \u00fatil para la sociedad, ser\u00e1s en todo caso una buena persona que es otra&hellip;<\/p>\n","protected":false},"author":1,"featured_media":100062,"comment_status":"open","ping_status":"open","sticky":false,"template":"","format":"standard","meta":{"footnotes":""},"categories":[21],"tags":[66,2450,940,360,33765,24956],"class_list":["post-100061","post","type-post","status-publish","format-standard","has-post-thumbnail","hentry","category-opinion","tag-corte","tag-diario-el-sindical","tag-estudio","tag-mama","tag-papa-2","tag-vagos"],"_links":{"self":[{"href":"https:\/\/www.elsindical.com.ar\/notas\/wp-json\/wp\/v2\/posts\/100061","targetHints":{"allow":["GET"]}}],"collection":[{"href":"https:\/\/www.elsindical.com.ar\/notas\/wp-json\/wp\/v2\/posts"}],"about":[{"href":"https:\/\/www.elsindical.com.ar\/notas\/wp-json\/wp\/v2\/types\/post"}],"author":[{"embeddable":true,"href":"https:\/\/www.elsindical.com.ar\/notas\/wp-json\/wp\/v2\/users\/1"}],"replies":[{"embeddable":true,"href":"https:\/\/www.elsindical.com.ar\/notas\/wp-json\/wp\/v2\/comments?post=100061"}],"version-history":[{"count":1,"href":"https:\/\/www.elsindical.com.ar\/notas\/wp-json\/wp\/v2\/posts\/100061\/revisions"}],"predecessor-version":[{"id":100063,"href":"https:\/\/www.elsindical.com.ar\/notas\/wp-json\/wp\/v2\/posts\/100061\/revisions\/100063"}],"wp:featuredmedia":[{"embeddable":true,"href":"https:\/\/www.elsindical.com.ar\/notas\/wp-json\/wp\/v2\/media\/100062"}],"wp:attachment":[{"href":"https:\/\/www.elsindical.com.ar\/notas\/wp-json\/wp\/v2\/media?parent=100061"}],"wp:term":[{"taxonomy":"category","embeddable":true,"href":"https:\/\/www.elsindical.com.ar\/notas\/wp-json\/wp\/v2\/categories?post=100061"},{"taxonomy":"post_tag","embeddable":true,"href":"https:\/\/www.elsindical.com.ar\/notas\/wp-json\/wp\/v2\/tags?post=100061"}],"curies":[{"name":"wp","href":"https:\/\/api.w.org\/{rel}","templated":true}]}}